{"id":96089,"date":"2025-03-03T22:22:23","date_gmt":"2025-03-03T22:22:23","guid":{"rendered":"https:\/\/planetesport.dz\/?p=96089"},"modified":"2025-03-03T22:22:23","modified_gmt":"2025-03-03T22:22:23","slug":"maghnes-akliouche-vers-un-choix-en-faveur-de-lalgerie","status":"publish","type":"post","link":"https:\/\/planetesport.dz\/?p=96089","title":{"rendered":"\u00a0Maghnes Akliouche :\u00a0vers un choix en faveur de l\u2019Alg\u00e9rie ?"},"content":{"rendered":"<div>Le jeune milieu offensif de l\u2019AS Monaco, Maghnes Akliouche, se retrouve face \u00e0 un choix important concernant son avenir international. Apr\u00e8s avoir repr\u00e9sent\u00e9 la France dans les cat\u00e9gories jeunes et d\u00e9croch\u00e9 une m\u00e9daille d\u2019argent aux Jeux olympiques, le joueur h\u00e9site encore entre les Bleus et les Verts. Dans une r\u00e9cente interview accord\u00e9e \u00e0 T\u00e9l\u00e9foot, Akliouche a d\u00e9clar\u00e9 : \u00ab J\u2019ai fait toutes les cat\u00e9gories de jeunes en \u00e9quipe de France. J\u2019ai v\u00e9cu des moments importants, notamment aux Jeux olympiques, o\u00f9 on a ramen\u00e9 une m\u00e9daille pour la France. Mais mon objectif, c\u2019est de donner le meilleur de moi-m\u00eame avec Monaco, et pour la suite, on verra \u00bb. Ces propos t\u00e9moignent de son ind\u00e9cision, alors que plusieurs talents binationaux sont r\u00e9guli\u00e8rement confront\u00e9s \u00e0 ce dilemme.<\/div>\n<div><\/div>\n<div><strong>L\u2019Alg\u00e9rie passe \u00e0 l\u2019offensive<\/strong><\/div>\n<div><\/div>\n<div>Selon plusieurs sources, la F\u00e9d\u00e9ration alg\u00e9rienne de football (FAF) a d\u00e9j\u00e0 approch\u00e9 Maghnes Akliouche afin de le convaincre de porter le maillot des Verts. L\u2019Alg\u00e9rie ne s\u2019arr\u00eate pas l\u00e0, puisque Rayan Cherki, un autre talent \u00e9voluant en Ligue 1, est \u00e9galement dans le viseur de la FAF. Avec la Coupe du monde 2026 en ligne de mire, l\u2019Alg\u00e9rie esp\u00e8re renforcer son effectif avec ces profils prometteurs. Reste \u00e0 savoir si Akliouche choisira les Fennecs, comme d\u2019autres binationaux avant lui, ou s\u2019il patientera dans l\u2019espoir d\u2019une convocation avec Didier Deschamps.<\/div>\n<div><\/div>\n<div style=\"text-align: right\"><strong>Djamel ABED<\/strong><\/div>\n","protected":false},"excerpt":{"rendered":"<p>Le jeune milieu offensif de l\u2019AS Monaco, Maghnes Akliouche, se retrouve face \u00e0 un choix important concernant son avenir international. Apr\u00e8s avoir repr\u00e9sent\u00e9 la France dans les cat\u00e9gories jeunes et d\u00e9croch\u00e9 une m\u00e9daille d\u2019argent aux Jeux olympiques, le joueur h\u00e9site encore entre les Bleus et les Verts. Dans une r\u00e9cente interview accord\u00e9e \u00e0 T\u00e9l\u00e9foot, Akliouche &hellip;<\/p>\n","protected":false},"author":3,"featured_media":96143,"comment_status":"open","ping_status":"open","sticky":false,"template":"","format":"standard","meta":{"footnotes":""},"categories":[128],"tags":[],"class_list":["post-96089","post","type-post","status-publish","format-standard","has-post-thumbnail","hentry","category-football-etranger"],"_links":{"self":[{"href":"https:\/\/planetesport.dz\/index.php?rest_route=\/wp\/v2\/posts\/96089","targetHints":{"allow":["GET"]}}],"collection":[{"href":"https:\/\/planetesport.dz\/index.php?rest_route=\/wp\/v2\/posts"}],"about":[{"href":"https:\/\/planetesport.dz\/index.php?rest_route=\/wp\/v2\/types\/post"}],"author":[{"embeddable":true,"href":"https:\/\/planetesport.dz\/index.php?rest_route=\/wp\/v2\/users\/3"}],"replies":[{"embeddable":true,"href":"https:\/\/planetesport.dz\/index.php?rest_route=%2Fwp%2Fv2%2Fcomments&post=96089"}],"version-history":[{"count":1,"href":"https:\/\/planetesport.dz\/index.php?rest_route=\/wp\/v2\/posts\/96089\/revisions"}],"predecessor-version":[{"id":96189,"href":"https:\/\/planetesport.dz\/index.php?rest_route=\/wp\/v2\/posts\/96089\/revisions\/96189"}],"wp:featuredmedia":[{"embeddable":true,"href":"https:\/\/planetesport.dz\/index.php?rest_route=\/wp\/v2\/media\/96143"}],"wp:attachment":[{"href":"https:\/\/planetesport.dz\/index.php?rest_route=%2Fwp%2Fv2%2Fmedia&parent=96089"}],"wp:term":[{"taxonomy":"category","embeddable":true,"href":"https:\/\/planetesport.dz\/index.php?rest_route=%2Fwp%2Fv2%2Fcategories&post=96089"},{"taxonomy":"post_tag","embeddable":true,"href":"https:\/\/planetesport.dz\/index.php?rest_route=%2Fwp%2Fv2%2Ftags&post=96089"}],"curies":[{"name":"wp","href":"https:\/\/api.w.org\/{rel}","templated":true}]}}