{"id":85262,"date":"2024-12-09T22:28:53","date_gmt":"2024-12-09T22:28:53","guid":{"rendered":"https:\/\/planetesport.dz\/?p=85262"},"modified":"2024-12-09T22:28:53","modified_gmt":"2024-12-09T22:28:53","slug":"une-premiere-reussie-pour-la-loc","status":"publish","type":"post","link":"https:\/\/planetesport.dz\/?p=85262","title":{"rendered":"Une premi\u00e8re r\u00e9ussie pour la LOC\u00a0\u00a0"},"content":{"rendered":"<div><strong>Pour entamer la nouvelle saison, la Ligue oranaise de cyclisme a organis\u00e9, samedi dernier, en collaboration avec la DJS, une course r\u00e9gionale pour les jeunes cat\u00e9gories, sur le circuit ferm\u00e9 d\u2019A\u00efn El-Be\u00efda, dans la commune d\u2019Es-Senia (Oran).<\/strong><\/div>\n<div><\/div>\n<div><strong>Par B. Sadek<\/strong><\/div>\n<div><\/div>\n<div>Cette comp\u00e9tition a concern\u00e9 les cat\u00e9gories \u00e9coles, benjamins, minimes et cadets. Plus de 100 jeunes coureurs ont pris part \u00e0 cette manifestation cycliste, repr\u00e9sentant les 5 clubs d\u2019Oran et ceux des wilayas de T\u00e9mouchent, Sidi Bel-Abb\u00e8s, Mostaganem, Sa\u00efda, Khemis-Miliana, Blida et m\u00eame de Hammam Bou Hadjar et El-Mallah. Une premi\u00e8re comp\u00e9tition qui a ravi les clubs, surtout les jeunes athl\u00e8tes en manque de comp\u00e9tition. Cette course entre dans le cadre du programme de d\u00e9but de saison. Selon le pr\u00e9sident de la Ligue, une r\u00e9union sera d\u2019ailleurs tenue samedi prochain pour l\u2019\u00e9laboration du calendrier officiel des comp\u00e9titions au niveau r\u00e9gional, pour toute la saison, qui comprend deux comp\u00e9titions majeures, \u00e0 savoir le Grand Prix national de la ville d\u2019Oran, pr\u00e9vu les 8 et 9 mai 2025, et le Championnat national juniors et seniors durant le m\u00eame mois. La participation de nombreux jeunes t\u00e9moigne de la volont\u00e9 des clubs \u00e0 mettre leurs athl\u00e8tes dans le bain, malgr\u00e9 les difficult\u00e9s et le manque de moyens. Conscient des probl\u00e8mes des clubs, le pr\u00e9sident de la Ligue oranaise de cyclisme, fra\u00eechement r\u00e9\u00e9lu pour un autre mandat, dira : \u00ab Il faut le dire, le cyclisme au niveau de l\u2019Ouest est en difficult\u00e9, en raison du manque de moyens. Plusieurs clubs ont gel\u00e9 leurs activit\u00e9s et certains r\u00e9sistent encore et font face \u00e0 une grande d\u00e9perdition de coureurs.<\/div>\n<div>M\u00eame au niveau de la Ligue, on rencontre des entraves. Je me suis retrouv\u00e9 seul candidat \u00e0 ma propre succession. Je ne pouvais refuser par amour \u00e0 la discipline. Le fait d\u2019\u00eatre \u00e9lu \u00e0 l\u2019unanimit\u00e9 va me motiver pour multiplier les efforts et \u0153uvrer pour le d\u00e9veloppement de la discipline, qui a tendance \u00e0 perdre du terrain ces derni\u00e8res ann\u00e9es, en raison de nombreux obstacles, notamment le manque de moyens au niveau des clubs \u00bb. Le pr\u00e9sident de la LOC travaille pour booster la discipline : \u00ab Malgr\u00e9 les difficult\u00e9s, on va commencer d\u00e8s \u00e0 pr\u00e9sent \u00e0 faire bouger les choses, pour que le cyclisme oranais puisse retrouver des couleurs. Cela n\u00e9cessite une mobilisation g\u00e9n\u00e9rale et \u00eatre \u00e0 l\u2019\u00e9coute des clubs et de toutes les d\u00e9cisions prises par la FAC. \u00bb S\u2019agissant des r\u00e9sultats de cette comp\u00e9tition r\u00e9gionale, les coureurs de l\u2019UFC Blida ont acc\u00e9d\u00e9 \u00e0 la haute marche du podium en benjamins et en cadets. Le jeune Djamel Bakhti, de la formation Affak Hammam Bou Hadjar, s\u2019est, quant \u00e0 lui, empar\u00e9 de la premi\u00e8re place chez la cat\u00e9gorie \u00ab \u00e9coles \u00bb, alors que Mohamed Kadaoui du club Kounouz El-Bahia a \u00e9t\u00e9 le vainqueur en minimes. Enfin, il convient de signaler que les clubs participants n\u2019ont pas pu engager certains de leurs athl\u00e8tes en raison des examens scolaires.<\/div>\n<div><\/div>\n<div><strong>R\u00e9sultats :\u00a0<\/strong><\/div>\n<div><strong>\u00c9coles :\u00a0<\/strong><\/div>\n<div>1- Bakhti Djamel (Affak HB)<\/div>\n<div>2- Bellou Anes (Sa\u00efda)<\/div>\n<div>3- Yanis Ismail (Oran)<\/div>\n<div><\/div>\n<div><strong>Benjamins :\u00a0<\/strong><\/div>\n<div>1- Fekiri Youcef (UFC Blida)<\/div>\n<div>2- Benabed Saifeddine (Sa\u00efda)<\/div>\n<div>3- Kada Bensoltane (ACSK)<\/div>\n<div><\/div>\n<div><strong>Minimes :\u00a0<\/strong><\/div>\n<div>1- Mohamed Kadaoui (Kounouz El-Bahia)<\/div>\n<div>2- Sid Ahmed Djebara (NRBK)<\/div>\n<div>3- Aziz Benkrama (Affak HB)<\/div>\n<div><\/div>\n<div><strong>Cadets :\u00a0<\/strong><\/div>\n<div>1- Allal Abdellah (UFC Blida)<\/div>\n<div>2- Lokmane Berkani (OM Baraki)<\/div>\n<div>3- Haytem Ghrissi (Affak HB).<\/div>\n","protected":false},"excerpt":{"rendered":"<p>Pour entamer la nouvelle saison, la Ligue oranaise de cyclisme a organis\u00e9, samedi dernier, en collaboration avec la DJS, une course r\u00e9gionale pour les jeunes cat\u00e9gories, sur le circuit ferm\u00e9 d\u2019A\u00efn El-Be\u00efda, dans la commune d\u2019Es-Senia (Oran). Par B. Sadek Cette comp\u00e9tition a concern\u00e9 les cat\u00e9gories \u00e9coles, benjamins, minimes et cadets. Plus de 100 jeunes &hellip;<\/p>\n","protected":false},"author":3,"featured_media":85328,"comment_status":"open","ping_status":"open","sticky":false,"template":"","format":"standard","meta":{"footnotes":""},"categories":[156,129],"tags":[],"class_list":["post-85262","post","type-post","status-publish","format-standard","has-post-thumbnail","hentry","category-cyclisme","category-omnisport"],"_links":{"self":[{"href":"https:\/\/planetesport.dz\/index.php?rest_route=\/wp\/v2\/posts\/85262","targetHints":{"allow":["GET"]}}],"collection":[{"href":"https:\/\/planetesport.dz\/index.php?rest_route=\/wp\/v2\/posts"}],"about":[{"href":"https:\/\/planetesport.dz\/index.php?rest_route=\/wp\/v2\/types\/post"}],"author":[{"embeddable":true,"href":"https:\/\/planetesport.dz\/index.php?rest_route=\/wp\/v2\/users\/3"}],"replies":[{"embeddable":true,"href":"https:\/\/planetesport.dz\/index.php?rest_route=%2Fwp%2Fv2%2Fcomments&post=85262"}],"version-history":[{"count":1,"href":"https:\/\/planetesport.dz\/index.php?rest_route=\/wp\/v2\/posts\/85262\/revisions"}],"predecessor-version":[{"id":85364,"href":"https:\/\/planetesport.dz\/index.php?rest_route=\/wp\/v2\/posts\/85262\/revisions\/85364"}],"wp:featuredmedia":[{"embeddable":true,"href":"https:\/\/planetesport.dz\/index.php?rest_route=\/wp\/v2\/media\/85328"}],"wp:attachment":[{"href":"https:\/\/planetesport.dz\/index.php?rest_route=%2Fwp%2Fv2%2Fmedia&parent=85262"}],"wp:term":[{"taxonomy":"category","embeddable":true,"href":"https:\/\/planetesport.dz\/index.php?rest_route=%2Fwp%2Fv2%2Fcategories&post=85262"},{"taxonomy":"post_tag","embeddable":true,"href":"https:\/\/planetesport.dz\/index.php?rest_route=%2Fwp%2Fv2%2Ftags&post=85262"}],"curies":[{"name":"wp","href":"https:\/\/api.w.org\/{rel}","templated":true}]}}