{"id":77647,"date":"2024-10-12T06:36:11","date_gmt":"2024-10-12T06:36:11","guid":{"rendered":"https:\/\/planetesport.dz\/?p=77647"},"modified":"2024-10-12T06:36:11","modified_gmt":"2024-10-12T06:36:11","slug":"arda-guler-a-fenerbahce-mourinho-en-reve","status":"publish","type":"post","link":"https:\/\/planetesport.dz\/?p=77647","title":{"rendered":"Arda G\u00fcler \u00e0 Fenerbah\u00e7e, Mourinho en r\u00eave !"},"content":{"rendered":"<p>Jos\u00e9 Mourinho souhaite obtenir le pr\u00eat d\u2019Arda G\u00fcler, milieu offensif du Real Madrid, pour la seconde partie de la saison. Le Real Madrid n\u2019envisage cependant pas un d\u00e9part, tandis que G\u00fcler reste concentr\u00e9 sur son avenir \u00e0 Madrid. L\u2019entra\u00eeneur de Fenerbah\u00e7e, Jos\u00e9 Mourinho, est int\u00e9ress\u00e9 par un retour temporaire d\u2019Arda G\u00fcler. Malgr\u00e9 ses 7 apparitions en Liga cette saison avec le Real Madrid, le jeune milieu offensif turc voit son temps de jeu limit\u00e9 en raison de la concurrence f\u00e9roce au sein de l\u2019\u00e9quipe dirig\u00e9e par Carlo Ancelotti. Selon \u00ab AS \u00bb, Mourinho envisagerait de profiter de cette situation en demandant un pr\u00eat sans option d\u2019achat pour la seconde partie de la saison, afin de renforcer son \u00e9quipe.<\/p>\n<p><strong>Le Real Madrid n\u2019envisage pas de d\u00e9part d\u00e9finitif<\/strong><br \/>\nBien que G\u00fcler ait recul\u00e9 dans la hi\u00e9rarchie de Carlo Ancelotti, notamment derri\u00e8re des joueurs comme Endrick ou Luka Modric, le Real Madrid n\u2019a aucune intention de se s\u00e9parer du joueur, ni m\u00eame de le pr\u00eater. Le Turc, bien qu\u2019int\u00e9ress\u00e9 par un temps de jeu accru, reste concentr\u00e9 sur sa progression \u00e0 Madrid. Toutefois, Mourinho esp\u00e8re pouvoir convaincre le Real pour un pr\u00eat, surtout avec les bons souvenirs laiss\u00e9s par G\u00fcler \u00e0 Fenerbah\u00e7e.<\/p>\n","protected":false},"excerpt":{"rendered":"<p>Jos\u00e9 Mourinho souhaite obtenir le pr\u00eat d\u2019Arda G\u00fcler, milieu offensif du Real Madrid, pour la seconde partie de la saison. Le Real Madrid n\u2019envisage cependant pas un d\u00e9part, tandis que G\u00fcler reste concentr\u00e9 sur son avenir \u00e0 Madrid. L\u2019entra\u00eeneur de Fenerbah\u00e7e, Jos\u00e9 Mourinho, est int\u00e9ress\u00e9 par un retour temporaire d\u2019Arda G\u00fcler. Malgr\u00e9 ses 7 apparitions &hellip;<\/p>\n","protected":false},"author":3,"featured_media":77736,"comment_status":"open","ping_status":"open","sticky":false,"template":"","format":"standard","meta":{"footnotes":""},"categories":[128],"tags":[],"class_list":["post-77647","post","type-post","status-publish","format-standard","has-post-thumbnail","hentry","category-football-etranger"],"_links":{"self":[{"href":"https:\/\/planetesport.dz\/index.php?rest_route=\/wp\/v2\/posts\/77647","targetHints":{"allow":["GET"]}}],"collection":[{"href":"https:\/\/planetesport.dz\/index.php?rest_route=\/wp\/v2\/posts"}],"about":[{"href":"https:\/\/planetesport.dz\/index.php?rest_route=\/wp\/v2\/types\/post"}],"author":[{"embeddable":true,"href":"https:\/\/planetesport.dz\/index.php?rest_route=\/wp\/v2\/users\/3"}],"replies":[{"embeddable":true,"href":"https:\/\/planetesport.dz\/index.php?rest_route=%2Fwp%2Fv2%2Fcomments&post=77647"}],"version-history":[{"count":2,"href":"https:\/\/planetesport.dz\/index.php?rest_route=\/wp\/v2\/posts\/77647\/revisions"}],"predecessor-version":[{"id":77739,"href":"https:\/\/planetesport.dz\/index.php?rest_route=\/wp\/v2\/posts\/77647\/revisions\/77739"}],"wp:featuredmedia":[{"embeddable":true,"href":"https:\/\/planetesport.dz\/index.php?rest_route=\/wp\/v2\/media\/77736"}],"wp:attachment":[{"href":"https:\/\/planetesport.dz\/index.php?rest_route=%2Fwp%2Fv2%2Fmedia&parent=77647"}],"wp:term":[{"taxonomy":"category","embeddable":true,"href":"https:\/\/planetesport.dz\/index.php?rest_route=%2Fwp%2Fv2%2Fcategories&post=77647"},{"taxonomy":"post_tag","embeddable":true,"href":"https:\/\/planetesport.dz\/index.php?rest_route=%2Fwp%2Fv2%2Ftags&post=77647"}],"curies":[{"name":"wp","href":"https:\/\/api.w.org\/{rel}","templated":true}]}}