{"id":76293,"date":"2024-09-30T22:38:48","date_gmt":"2024-09-30T22:38:48","guid":{"rendered":"https:\/\/planetesport.dz\/?p=76293"},"modified":"2024-09-30T22:38:48","modified_gmt":"2024-09-30T22:38:48","slug":"ligue-des-champions-kylian-mbappe-du-voyage-a-lille","status":"publish","type":"post","link":"https:\/\/planetesport.dz\/?p=76293","title":{"rendered":"Ligue des champions : Kylian Mbapp\u00e9 du voyage \u00e0 Lille"},"content":{"rendered":"<p>Une semaine apr\u00e8s s&rsquo;\u00eatre bless\u00e9 contre Alav\u00e9s en championnat d&rsquo;Espagne avec le Real Madrid, Kylian Mbapp\u00e9 figure dans le groupe appel\u00e9 \u00e0 se d\u00e9placer \u00e0 Lille, demain mercredi, en Ligue des champions. Une semaine apr\u00e8s s&rsquo;\u00eatre bless\u00e9 contre Alav\u00e9s (3-2) en championnat d&rsquo;Espagne, Kylian Mbapp\u00e9, dont l&rsquo;indisponibilit\u00e9 \u00e9tait estim\u00e9e \u00e0 trois semaines (l\u00e9sion au biceps f\u00e9moral de la jambe gauche), figure dans le groupe du Real Madrid convoqu\u00e9 par Carlo Ancelotti pour le deuxi\u00e8me match de phase de Ligue de la Ligue des champions, ce mercredi (21h) face \u00e0 Lille. Le quotidien espagnol \u00ab Marca \u00bb r\u00e9v\u00e8le que l&rsquo;attaquant fran\u00e7ais, qui a travaill\u00e9 en marge du groupe ces derniers jours, a un \u00ab tr\u00e8s bon ressenti \u00bb. Aujourd\u2019hui, il devrait s&rsquo;entra\u00eener avec ses co\u00e9quipiers. \u00c0 l&rsquo;issue de cette s\u00e9ance, il sera d\u00e9cid\u00e9 s&rsquo;il entre en jeu en cours de match face \u00e0 Lille, o\u00f9 il pourrait affronter son fr\u00e8re Ethan.<\/p>\n","protected":false},"excerpt":{"rendered":"<p>Une semaine apr\u00e8s s&rsquo;\u00eatre bless\u00e9 contre Alav\u00e9s en championnat d&rsquo;Espagne avec le Real Madrid, Kylian Mbapp\u00e9 figure dans le groupe appel\u00e9 \u00e0 se d\u00e9placer \u00e0 Lille, demain mercredi, en Ligue des champions. Une semaine apr\u00e8s s&rsquo;\u00eatre bless\u00e9 contre Alav\u00e9s (3-2) en championnat d&rsquo;Espagne, Kylian Mbapp\u00e9, dont l&rsquo;indisponibilit\u00e9 \u00e9tait estim\u00e9e \u00e0 trois semaines (l\u00e9sion au biceps &hellip;<\/p>\n","protected":false},"author":3,"featured_media":0,"comment_status":"open","ping_status":"open","sticky":false,"template":"","format":"standard","meta":{"footnotes":""},"categories":[128],"tags":[],"class_list":["post-76293","post","type-post","status-publish","format-standard","hentry","category-football-etranger"],"_links":{"self":[{"href":"https:\/\/planetesport.dz\/index.php?rest_route=\/wp\/v2\/posts\/76293","targetHints":{"allow":["GET"]}}],"collection":[{"href":"https:\/\/planetesport.dz\/index.php?rest_route=\/wp\/v2\/posts"}],"about":[{"href":"https:\/\/planetesport.dz\/index.php?rest_route=\/wp\/v2\/types\/post"}],"author":[{"embeddable":true,"href":"https:\/\/planetesport.dz\/index.php?rest_route=\/wp\/v2\/users\/3"}],"replies":[{"embeddable":true,"href":"https:\/\/planetesport.dz\/index.php?rest_route=%2Fwp%2Fv2%2Fcomments&post=76293"}],"version-history":[{"count":1,"href":"https:\/\/planetesport.dz\/index.php?rest_route=\/wp\/v2\/posts\/76293\/revisions"}],"predecessor-version":[{"id":76366,"href":"https:\/\/planetesport.dz\/index.php?rest_route=\/wp\/v2\/posts\/76293\/revisions\/76366"}],"wp:attachment":[{"href":"https:\/\/planetesport.dz\/index.php?rest_route=%2Fwp%2Fv2%2Fmedia&parent=76293"}],"wp:term":[{"taxonomy":"category","embeddable":true,"href":"https:\/\/planetesport.dz\/index.php?rest_route=%2Fwp%2Fv2%2Fcategories&post=76293"},{"taxonomy":"post_tag","embeddable":true,"href":"https:\/\/planetesport.dz\/index.php?rest_route=%2Fwp%2Fv2%2Ftags&post=76293"}],"curies":[{"name":"wp","href":"https:\/\/api.w.org\/{rel}","templated":true}]}}