{"id":73548,"date":"2024-09-10T07:47:31","date_gmt":"2024-09-10T07:47:31","guid":{"rendered":"https:\/\/planetesport.dz\/?p=73548"},"modified":"2024-09-10T07:49:35","modified_gmt":"2024-09-10T07:49:35","slug":"malgre-la-blessure-bennacer-garde-le-moral","status":"publish","type":"post","link":"https:\/\/planetesport.dz\/?p=73548","title":{"rendered":"Malgr\u00e9 la blessure, Bennacer garde le moral"},"content":{"rendered":"\n<p>Le milieu de terrain du Milan AC Isma\u00ebl Bennacer, a exprim\u00e9 son optimisme malgr\u00e9 une grave blessure contract\u00e9e dimanche dernier lors de la derni\u00e8re s\u00e9ance d\u2019entra\u00eenement \u00e0 Sidi Moussa, et \u00e0 quelques heures du d\u00e9part de la d\u00e9l\u00e9gation alg\u00e9rienne pour Monrovia au Lib\u00e9ria. Bennacer a alors quitt\u00e9 le stage de l&rsquo;\u00e9quipe nationale \u00e0 l\u2019issue de l\u2019entra\u00eenement pour se rendre en Italie afin de subir des examens approfondis et \u00eatre fix\u00e9 sur la nature de sa blessure. M\u00eame si la presse italienne a parl\u00e9 d\u2019une absence de trois mois, il faut d\u00e9sormais attendre les r\u00e9sultats pour conna\u00eetre avec exactitude la dur\u00e9e de la convalescence du joueur alg\u00e9rien. <\/p>\n\n\n\n<p>En d\u00e9pit de ce coup dur, encore un, l\u2019international alg\u00e9rien ne semble pas abattu pour autant. Il a montr\u00e9 un mental d\u2019acier pour affronter cette \u00e9ni\u00e8me blessure. L\u2019ancien meneur de jeu d\u2019Empoli reste confiant et d\u00e9termin\u00e9. Il a partag\u00e9 sur \u00ab X \u00bb : \u00ab La douleur passe, la r\u00e9silience reste \u00bb. Il se pr\u00e9pare psychologiquement pour un retour rapide sur les terrains. Apr\u00e8s s\u2019\u00eatre bless\u00e9 lors de la derni\u00e8re CAN en C\u00f4te d\u2019Ivoire alors qu\u2019il venait tout juste de reprendre la comp\u00e9tition, cette fois encore, Bennacer a connu la m\u00eame m\u00e9saventure en contractant une blessure en s\u00e9lection, et ce, \u00e0 la veille de la confrontation comptant pour la deuxi\u00e8me journ\u00e9e des \u00e9liminatoires de la Coupe d&rsquo;Afrique des nations 2025, contre le Lib\u00e9ria.<\/p>\n\n\n\n<p class=\"has-text-align-right\"><strong>Djamel ABED<\/strong><\/p>\n","protected":false},"excerpt":{"rendered":"<p>Le milieu de terrain du Milan AC Isma\u00ebl Bennacer, a exprim\u00e9 son optimisme malgr\u00e9 une grave blessure contract\u00e9e dimanche dernier lors de la derni\u00e8re s\u00e9ance d\u2019entra\u00eenement \u00e0 Sidi Moussa, et \u00e0 quelques heures du d\u00e9part de la d\u00e9l\u00e9gation alg\u00e9rienne pour Monrovia au Lib\u00e9ria. Bennacer a alors quitt\u00e9 le stage de l&rsquo;\u00e9quipe nationale \u00e0 l\u2019issue de &hellip;<\/p>\n","protected":false},"author":3,"featured_media":73602,"comment_status":"open","ping_status":"open","sticky":false,"template":"","format":"standard","meta":{"footnotes":""},"categories":[128],"tags":[],"class_list":["post-73548","post","type-post","status-publish","format-standard","has-post-thumbnail","hentry","category-football-etranger"],"_links":{"self":[{"href":"https:\/\/planetesport.dz\/index.php?rest_route=\/wp\/v2\/posts\/73548","targetHints":{"allow":["GET"]}}],"collection":[{"href":"https:\/\/planetesport.dz\/index.php?rest_route=\/wp\/v2\/posts"}],"about":[{"href":"https:\/\/planetesport.dz\/index.php?rest_route=\/wp\/v2\/types\/post"}],"author":[{"embeddable":true,"href":"https:\/\/planetesport.dz\/index.php?rest_route=\/wp\/v2\/users\/3"}],"replies":[{"embeddable":true,"href":"https:\/\/planetesport.dz\/index.php?rest_route=%2Fwp%2Fv2%2Fcomments&post=73548"}],"version-history":[{"count":1,"href":"https:\/\/planetesport.dz\/index.php?rest_route=\/wp\/v2\/posts\/73548\/revisions"}],"predecessor-version":[{"id":73642,"href":"https:\/\/planetesport.dz\/index.php?rest_route=\/wp\/v2\/posts\/73548\/revisions\/73642"}],"wp:featuredmedia":[{"embeddable":true,"href":"https:\/\/planetesport.dz\/index.php?rest_route=\/wp\/v2\/media\/73602"}],"wp:attachment":[{"href":"https:\/\/planetesport.dz\/index.php?rest_route=%2Fwp%2Fv2%2Fmedia&parent=73548"}],"wp:term":[{"taxonomy":"category","embeddable":true,"href":"https:\/\/planetesport.dz\/index.php?rest_route=%2Fwp%2Fv2%2Fcategories&post=73548"},{"taxonomy":"post_tag","embeddable":true,"href":"https:\/\/planetesport.dz\/index.php?rest_route=%2Fwp%2Fv2%2Ftags&post=73548"}],"curies":[{"name":"wp","href":"https:\/\/api.w.org\/{rel}","templated":true}]}}