{"id":73281,"date":"2024-09-08T07:08:31","date_gmt":"2024-09-08T07:08:31","guid":{"rendered":"https:\/\/planetesport.dz\/?p=73281"},"modified":"2024-09-08T07:08:48","modified_gmt":"2024-09-08T07:08:48","slug":"billal-brahimi-rejoint-saint-trond","status":"publish","type":"post","link":"https:\/\/planetesport.dz\/?p=73281","title":{"rendered":"Billal Brahimi rejoint Saint-Trond"},"content":{"rendered":"\n<p><strong>Comme c\u2019\u00e9tait dans l\u2019air ces derniers jours, Bilal Brahimi ne jouera pas la totalit\u00e9 de la saison 2024-2025 sous les couleurs de l&rsquo;OGC Nice.<\/strong><\/p>\n\n\n\n<p>L&rsquo;international alg\u00e9rien a \u00e9t\u00e9 pr\u00eat\u00e9, le vendredi 6 septembre 2024, au club belge de Saint-Trond avec option d&rsquo;achat, sans pr\u00e9ciser le montant. Pr\u00eat\u00e9 \u00e0 Brest lors de la saison pr\u00e9c\u00e9dente, o\u00f9 il a disput\u00e9 20 matchs toutes comp\u00e9titions confondues, Brahimi avait temporairement \u00e9t\u00e9 repositionn\u00e9 en tant que lat\u00e9ral gauche en d\u00e9but de pr\u00e9paration, alors qu&rsquo;il \u00e9volue habituellement comme ailier offensif. Cependant, l&rsquo;arriv\u00e9e d&rsquo;Ali Abdi en provenance du SM Caen a r\u00e9duit ses perspectives de jeu, l&rsquo;incitant ainsi \u00e0 chercher un nouveau pr\u00eat.<\/p>\n\n\n\n<p><strong>Les premiers mots du joueur<br><\/strong>\u00ab Au d\u00e9but de ma carri\u00e8re, j&rsquo;ai acquis de l&rsquo;exp\u00e9rience en Ligue 1. Il est d\u00e9sormais temps de passer \u00e0 un nouveau niveau. Mon objectif est de devenir un joueur important de l\u2019\u00e9quipe et de contribuer pleinement \u00e0 son redressement. STVV est la meilleure destination pour moi. Je retrouverai \u00e9galement ici mon compatriote Zineddine Bela\u00efd. Je suis d\u00e9termin\u00e9 \u00e0 m&rsquo;int\u00e9grer rapidement et \u00e0 faire la diff\u00e9rence sur le terrain \u00bb, a d\u00e9clar\u00e9 Bilal Brahimi lors de l&rsquo;officialisation de son pr\u00eat au club belge.<\/p>\n","protected":false},"excerpt":{"rendered":"<p>Comme c\u2019\u00e9tait dans l\u2019air ces derniers jours, Bilal Brahimi ne jouera pas la totalit\u00e9 de la saison 2024-2025 sous les couleurs de l&rsquo;OGC Nice. L&rsquo;international alg\u00e9rien a \u00e9t\u00e9 pr\u00eat\u00e9, le vendredi 6 septembre 2024, au club belge de Saint-Trond avec option d&rsquo;achat, sans pr\u00e9ciser le montant. Pr\u00eat\u00e9 \u00e0 Brest lors de la saison pr\u00e9c\u00e9dente, o\u00f9 &hellip;<\/p>\n","protected":false},"author":3,"featured_media":73134,"comment_status":"open","ping_status":"open","sticky":false,"template":"","format":"standard","meta":{"footnotes":""},"categories":[128],"tags":[],"class_list":["post-73281","post","type-post","status-publish","format-standard","has-post-thumbnail","hentry","category-football-etranger"],"_links":{"self":[{"href":"https:\/\/planetesport.dz\/index.php?rest_route=\/wp\/v2\/posts\/73281","targetHints":{"allow":["GET"]}}],"collection":[{"href":"https:\/\/planetesport.dz\/index.php?rest_route=\/wp\/v2\/posts"}],"about":[{"href":"https:\/\/planetesport.dz\/index.php?rest_route=\/wp\/v2\/types\/post"}],"author":[{"embeddable":true,"href":"https:\/\/planetesport.dz\/index.php?rest_route=\/wp\/v2\/users\/3"}],"replies":[{"embeddable":true,"href":"https:\/\/planetesport.dz\/index.php?rest_route=%2Fwp%2Fv2%2Fcomments&post=73281"}],"version-history":[{"count":1,"href":"https:\/\/planetesport.dz\/index.php?rest_route=\/wp\/v2\/posts\/73281\/revisions"}],"predecessor-version":[{"id":73319,"href":"https:\/\/planetesport.dz\/index.php?rest_route=\/wp\/v2\/posts\/73281\/revisions\/73319"}],"wp:featuredmedia":[{"embeddable":true,"href":"https:\/\/planetesport.dz\/index.php?rest_route=\/wp\/v2\/media\/73134"}],"wp:attachment":[{"href":"https:\/\/planetesport.dz\/index.php?rest_route=%2Fwp%2Fv2%2Fmedia&parent=73281"}],"wp:term":[{"taxonomy":"category","embeddable":true,"href":"https:\/\/planetesport.dz\/index.php?rest_route=%2Fwp%2Fv2%2Fcategories&post=73281"},{"taxonomy":"post_tag","embeddable":true,"href":"https:\/\/planetesport.dz\/index.php?rest_route=%2Fwp%2Fv2%2Ftags&post=73281"}],"curies":[{"name":"wp","href":"https:\/\/api.w.org\/{rel}","templated":true}]}}