{"id":73102,"date":"2024-09-06T23:18:38","date_gmt":"2024-09-06T23:18:38","guid":{"rendered":"https:\/\/planetesport.dz\/?p=73102"},"modified":"2024-09-06T23:18:47","modified_gmt":"2024-09-06T23:18:47","slug":"lenorme-coup-de-gueule-de-bernardo-silva","status":"publish","type":"post","link":"https:\/\/planetesport.dz\/?p=73102","title":{"rendered":"L\u2019\u00e9norme coup de gueule de Bernardo Silva"},"content":{"rendered":"\n<p>Actuellement en s\u00e9lection pour disputer la Ligue des nations avec le Portugal, Bernardo Silva a pouss\u00e9 un gros coup de gueule. Comme son co\u00e9quipier Kevin De Bruyne, l&rsquo;ailier de Manchester City n&rsquo;a pas h\u00e9sit\u00e9 \u00e0 critiquer la cadence infernale impos\u00e9e aux joueurs professionnels depuis de longues saisons. \u00ab Le calendrier est compl\u00e8tement fou. Nous venons d&rsquo;apprendre que nous n&rsquo;avons qu&rsquo;un jour de cong\u00e9 pour le match de Coupe de la Ligue anglaise. Nous allons probablement jouer tous les trois jours pendant des mois. C&rsquo;est absolument absurde. C&rsquo;est vrai que les effectifs sont plus nombreux, mais je ne vais pas dire que c&rsquo;est facile (\u2026) Le nombre de matches auxquels nous sommes soumis est absolument absurde \u00bb, a d\u00e9clar\u00e9 l&rsquo;international portugais lors d&rsquo;un entretien accord\u00e9 \u00e0 \u00ab Record \u00bb. De nombreuses voix s&rsquo;\u00e9l\u00e8vent depuis quelques mois pour d\u00e9noncer cette augmentation constante du nombre de matches par saison, au m\u00e9pris sans doute du spectacle sur le terrain. L&rsquo;Euro-2024 en Allemagne en est le parfait exemple\u2026<\/p>\n\n\n\n<p><strong>\u2026Et de Kevin de Bruyne<br><\/strong>Actuellement avec la s\u00e9lection belge, Kevin De Bruyne a \u00e9galement pouss\u00e9 un gros coup de gueule contre les instances du football. Kevin De Bruyne n\u2019est pas du genre \u00e0 manier la langue de bois. En marge du match de Ligue des nations entre la Belgique et Isra\u00ebl, le ma\u00eetre \u00e0 jouer de Manchester City n\u2019a pas m\u00e2ch\u00e9 ses mots au moment d\u2019\u00e9voquer le calendrier surcharg\u00e9, taclant violemment l\u2019UEFA et la FIFA. \u00ab Je pense que le probl\u00e8me va venir quand on aura fini la Coupe du monde des clubs. On sait qu\u2019il n\u2019y aura que trois semaines entre la finale de la Coupe du monde des clubs et la premi\u00e8re journ\u00e9e de Premier League. Tu as trois semaines pour prendre des vacances et faire la pr\u00e9paration pour jouer encore 80 matches \u00bb, a d\u2019abord d\u00e9clar\u00e9 le Diable Rouge en conf\u00e9rence de presse.<\/p>\n\n\n\n<p><strong>\u00ab Ils s\u2019en foutent, c\u2019est l\u2019argent qui parle \u00bb<br><\/strong>\u00ab Peut-\u00eatre que cette ann\u00e9e, \u00e7a va aller, mais ce sera un probl\u00e8me l\u2019ann\u00e9e prochaine, a-t-il poursuivi. La PFA, en Angleterre, et les associations de joueurs dans les autres pays ont essay\u00e9 de trouver des solutions. Le probl\u00e8me est que l\u2019UEFA et la FIFA font des matches en plus et on peut essayer de dire quelque chose, aucune solution n\u2019a \u00e9t\u00e9 trouv\u00e9e. Ils s\u2019en foutent, c\u2019est l\u2019argent qui parle \u00bb. Le message a le m\u00e9rite d\u2019\u00eatre clair.<\/p>\n","protected":false},"excerpt":{"rendered":"<p>Actuellement en s\u00e9lection pour disputer la Ligue des nations avec le Portugal, Bernardo Silva a pouss\u00e9 un gros coup de gueule. Comme son co\u00e9quipier Kevin De Bruyne, l&rsquo;ailier de Manchester City n&rsquo;a pas h\u00e9sit\u00e9 \u00e0 critiquer la cadence infernale impos\u00e9e aux joueurs professionnels depuis de longues saisons. \u00ab Le calendrier est compl\u00e8tement fou. Nous venons &hellip;<\/p>\n","protected":false},"author":3,"featured_media":73139,"comment_status":"open","ping_status":"open","sticky":false,"template":"","format":"standard","meta":{"footnotes":""},"categories":[128],"tags":[],"class_list":["post-73102","post","type-post","status-publish","format-standard","has-post-thumbnail","hentry","category-football-etranger"],"_links":{"self":[{"href":"https:\/\/planetesport.dz\/index.php?rest_route=\/wp\/v2\/posts\/73102","targetHints":{"allow":["GET"]}}],"collection":[{"href":"https:\/\/planetesport.dz\/index.php?rest_route=\/wp\/v2\/posts"}],"about":[{"href":"https:\/\/planetesport.dz\/index.php?rest_route=\/wp\/v2\/types\/post"}],"author":[{"embeddable":true,"href":"https:\/\/planetesport.dz\/index.php?rest_route=\/wp\/v2\/users\/3"}],"replies":[{"embeddable":true,"href":"https:\/\/planetesport.dz\/index.php?rest_route=%2Fwp%2Fv2%2Fcomments&post=73102"}],"version-history":[{"count":1,"href":"https:\/\/planetesport.dz\/index.php?rest_route=\/wp\/v2\/posts\/73102\/revisions"}],"predecessor-version":[{"id":73178,"href":"https:\/\/planetesport.dz\/index.php?rest_route=\/wp\/v2\/posts\/73102\/revisions\/73178"}],"wp:featuredmedia":[{"embeddable":true,"href":"https:\/\/planetesport.dz\/index.php?rest_route=\/wp\/v2\/media\/73139"}],"wp:attachment":[{"href":"https:\/\/planetesport.dz\/index.php?rest_route=%2Fwp%2Fv2%2Fmedia&parent=73102"}],"wp:term":[{"taxonomy":"category","embeddable":true,"href":"https:\/\/planetesport.dz\/index.php?rest_route=%2Fwp%2Fv2%2Fcategories&post=73102"},{"taxonomy":"post_tag","embeddable":true,"href":"https:\/\/planetesport.dz\/index.php?rest_route=%2Fwp%2Fv2%2Ftags&post=73102"}],"curies":[{"name":"wp","href":"https:\/\/api.w.org\/{rel}","templated":true}]}}