{"id":59294,"date":"2024-05-26T23:14:32","date_gmt":"2024-05-26T23:14:32","guid":{"rendered":"https:\/\/planetesport.dz\/?p=59294"},"modified":"2024-05-26T23:14:32","modified_gmt":"2024-05-26T23:14:32","slug":"paqueta-attend-la-date-officielle-pour-tracer-le-programme","status":"publish","type":"post","link":"https:\/\/planetesport.dz\/?p=59294","title":{"rendered":"Paqueta attend la date officielle pour tracer le programme"},"content":{"rendered":"<p>M\u00eame si la date du 22 juin a \u00e9t\u00e9 propos\u00e9e par la FAF pour disputer la finale de la Coupe d\u2019Alg\u00e9rie, l\u2019entra\u00eeneur en chef du Chabab attend toujours une date officielle pour arr\u00eater son plan de pr\u00e9paration. La finale de la Coupe d\u2019Alg\u00e9rie n\u2019a toujours pas \u00e9t\u00e9 programm\u00e9e et les rumeurs ont fait leur bonhomme de chemin au sujet de la date qui sera fix\u00e9e. Cependant, apr\u00e8s l\u2019AGO de la FAF, le pr\u00e9sident de l\u2019instance fa\u00eeti\u00e8re Walid Sadi a fait une proposition quant \u00e0 la tenue de cette rencontre, \u00e0 savoir, le 22 juin. Toujours est-il que cette date n\u2019est pas officielle tant que les autorit\u00e9s n\u2019auront pas donn\u00e9 leur aval pour ce rendez-vous. Dans ce sens, le premier responsable de la barre technique alg\u00e9roise n\u2019a pas pr\u00e9vu quelque chose de sp\u00e9cial puisque d\u2019apr\u00e8s ce qu\u2019on a pu apprendre de la part de l\u2019un de ses proches, il attend que l\u2019annonce officielle pour lancer les pr\u00e9paratifs pour cette finale.<\/p>\n<p><strong>Un stage bloqu\u00e9 est envisag\u00e9<\/strong><br \/>\nD\u2019apr\u00e8s une de nos sources, l\u2019id\u00e9e d\u2019effectuer une pr\u00e9paration sp\u00e9ciale commence \u00e0 germer dans l\u2019esprit des dirigeants, qui envisagent d\u00e9sormais de programmer un stage bloqu\u00e9 de quelques jours pour permettre aux joueurs de se concentrer uniquement sur la rencontre, afin de l\u2019aborder dans les meilleures conditions possibles et surtout aller chercher ce troph\u00e9e.<\/p>\n<p style=\"text-align: right\">\n<strong>Akram B.<\/strong><\/p>\n","protected":false},"excerpt":{"rendered":"<p>M\u00eame si la date du 22 juin a \u00e9t\u00e9 propos\u00e9e par la FAF pour disputer la finale de la Coupe d\u2019Alg\u00e9rie, l\u2019entra\u00eeneur en chef du Chabab attend toujours une date officielle pour arr\u00eater son plan de pr\u00e9paration. La finale de la Coupe d\u2019Alg\u00e9rie n\u2019a toujours pas \u00e9t\u00e9 programm\u00e9e et les rumeurs ont fait leur bonhomme &hellip;<\/p>\n","protected":false},"author":3,"featured_media":0,"comment_status":"open","ping_status":"open","sticky":false,"template":"","format":"standard","meta":{"footnotes":""},"categories":[127],"tags":[],"class_list":["post-59294","post","type-post","status-publish","format-standard","hentry","category-football-algerien"],"_links":{"self":[{"href":"https:\/\/planetesport.dz\/index.php?rest_route=\/wp\/v2\/posts\/59294","targetHints":{"allow":["GET"]}}],"collection":[{"href":"https:\/\/planetesport.dz\/index.php?rest_route=\/wp\/v2\/posts"}],"about":[{"href":"https:\/\/planetesport.dz\/index.php?rest_route=\/wp\/v2\/types\/post"}],"author":[{"embeddable":true,"href":"https:\/\/planetesport.dz\/index.php?rest_route=\/wp\/v2\/users\/3"}],"replies":[{"embeddable":true,"href":"https:\/\/planetesport.dz\/index.php?rest_route=%2Fwp%2Fv2%2Fcomments&post=59294"}],"version-history":[{"count":1,"href":"https:\/\/planetesport.dz\/index.php?rest_route=\/wp\/v2\/posts\/59294\/revisions"}],"predecessor-version":[{"id":59350,"href":"https:\/\/planetesport.dz\/index.php?rest_route=\/wp\/v2\/posts\/59294\/revisions\/59350"}],"wp:attachment":[{"href":"https:\/\/planetesport.dz\/index.php?rest_route=%2Fwp%2Fv2%2Fmedia&parent=59294"}],"wp:term":[{"taxonomy":"category","embeddable":true,"href":"https:\/\/planetesport.dz\/index.php?rest_route=%2Fwp%2Fv2%2Fcategories&post=59294"},{"taxonomy":"post_tag","embeddable":true,"href":"https:\/\/planetesport.dz\/index.php?rest_route=%2Fwp%2Fv2%2Ftags&post=59294"}],"curies":[{"name":"wp","href":"https:\/\/api.w.org\/{rel}","templated":true}]}}