{"id":55686,"date":"2024-05-09T00:19:00","date_gmt":"2024-05-09T00:19:00","guid":{"rendered":"https:\/\/planetesport.dz\/?p=55686"},"modified":"2024-05-09T00:19:00","modified_gmt":"2024-05-09T00:19:00","slug":"abid-charef-annonce-lutilisation-de-la-var-mais","status":"publish","type":"post","link":"https:\/\/planetesport.dz\/?p=55686","title":{"rendered":"Abid-Charef annonce l\u2019utilisation de la VAR mais\u2026"},"content":{"rendered":"<div>La commission f\u00e9d\u00e9rale de l\u2019arbitrage (CFA) a annonc\u00e9 l\u2019utilisation de la VAR dans le championnat alg\u00e9rien \u00e0 partir de la saison prochaine. Mais pour le moment, la date exacte n\u2019a pas encore \u00e9t\u00e9 fix\u00e9e. Il y a quelques semaines, le pr\u00e9sident de la F\u00e9d\u00e9ration alg\u00e9rienne de football (FAF), Walid Sadi, avait insist\u00e9 sur la n\u00e9cessit\u00e9 de l\u2019utilisation de la VAR en Alg\u00e9rie et sa mise en place qui devrait intervenir en d\u00e9but de saison. Ce que confirmera le responsable la commission f\u00e9d\u00e9rale de l\u2019arbitrage, Mehdi Abid-Charef, qui a annonc\u00e9 l\u2019utilisation de cette technologie dans les stades alg\u00e9riens \u00e0 partir du prochain exercice 2024-2025, mais sans donner la date exacte de sa mise en \u0153uvre.<\/div>\n<div><\/div>\n<div>\u00ab Aujourd\u2019hui, j\u2019ai le plaisir d\u2019annoncer l\u2019utilisation de la VAR en championnat alg\u00e9rien \u00e0 partir de la saison prochaine. La r\u00e9union a \u00e9t\u00e9 marqu\u00e9e par la pr\u00e9sence des repr\u00e9sentants de la FIFA pour donner le coup d\u2019envoi de l\u2019utilisation de la technologie. On va faire en sorte d\u2019homologuer le maximum de stades du pays pour pouvoir introduire la technologie de la VAR \u00bb, r\u00e9v\u00e8le le pr\u00e9sident de la CFA. Certes, l\u2019utilisation de la VAR d\u00e9butera \u00e0 partir de la saison prochaine, mais le concern\u00e9 n\u2019a pas donn\u00e9 une date exacte. \u00ab Pour le moment, je ne peux vous donner une date exacte. D\u00e8s qu\u2019on sera pr\u00eat, on va introduire la VAR \u00bb, et d\u2019ajouter : \u00ab La VAR sera d\u2019un grand apport en championnat car elle va diminuer les erreurs d\u2019arbitrage \u00bb.<\/div>\n<div><\/div>\n<div style=\"text-align: right\"><strong>D. Abed<\/strong><\/div>\n","protected":false},"excerpt":{"rendered":"<p>La commission f\u00e9d\u00e9rale de l\u2019arbitrage (CFA) a annonc\u00e9 l\u2019utilisation de la VAR dans le championnat alg\u00e9rien \u00e0 partir de la saison prochaine. Mais pour le moment, la date exacte n\u2019a pas encore \u00e9t\u00e9 fix\u00e9e. Il y a quelques semaines, le pr\u00e9sident de la F\u00e9d\u00e9ration alg\u00e9rienne de football (FAF), Walid Sadi, avait insist\u00e9 sur la n\u00e9cessit\u00e9 &hellip;<\/p>\n","protected":false},"author":3,"featured_media":55742,"comment_status":"open","ping_status":"open","sticky":false,"template":"","format":"standard","meta":{"footnotes":""},"categories":[127],"tags":[],"class_list":["post-55686","post","type-post","status-publish","format-standard","has-post-thumbnail","hentry","category-football-algerien"],"_links":{"self":[{"href":"https:\/\/planetesport.dz\/index.php?rest_route=\/wp\/v2\/posts\/55686","targetHints":{"allow":["GET"]}}],"collection":[{"href":"https:\/\/planetesport.dz\/index.php?rest_route=\/wp\/v2\/posts"}],"about":[{"href":"https:\/\/planetesport.dz\/index.php?rest_route=\/wp\/v2\/types\/post"}],"author":[{"embeddable":true,"href":"https:\/\/planetesport.dz\/index.php?rest_route=\/wp\/v2\/users\/3"}],"replies":[{"embeddable":true,"href":"https:\/\/planetesport.dz\/index.php?rest_route=%2Fwp%2Fv2%2Fcomments&post=55686"}],"version-history":[{"count":1,"href":"https:\/\/planetesport.dz\/index.php?rest_route=\/wp\/v2\/posts\/55686\/revisions"}],"predecessor-version":[{"id":55743,"href":"https:\/\/planetesport.dz\/index.php?rest_route=\/wp\/v2\/posts\/55686\/revisions\/55743"}],"wp:featuredmedia":[{"embeddable":true,"href":"https:\/\/planetesport.dz\/index.php?rest_route=\/wp\/v2\/media\/55742"}],"wp:attachment":[{"href":"https:\/\/planetesport.dz\/index.php?rest_route=%2Fwp%2Fv2%2Fmedia&parent=55686"}],"wp:term":[{"taxonomy":"category","embeddable":true,"href":"https:\/\/planetesport.dz\/index.php?rest_route=%2Fwp%2Fv2%2Fcategories&post=55686"},{"taxonomy":"post_tag","embeddable":true,"href":"https:\/\/planetesport.dz\/index.php?rest_route=%2Fwp%2Fv2%2Ftags&post=55686"}],"curies":[{"name":"wp","href":"https:\/\/api.w.org\/{rel}","templated":true}]}}