{"id":53502,"date":"2024-03-31T15:00:55","date_gmt":"2024-03-31T15:00:55","guid":{"rendered":"http:\/\/planetesport.dz\/?p=53502"},"modified":"2024-05-02T14:40:14","modified_gmt":"2024-05-02T14:40:14","slug":"keddad-ne-jouera-pas-face-a-less","status":"publish","type":"post","link":"https:\/\/planetesport.dz\/?p=53502","title":{"rendered":"Keddad ne jouera pas face \u00e0 l\u2019ESS"},"content":{"rendered":"<p class=\"s3\"><span class=\"s5\"><span class=\"bumpedFont15\">Suite \u00e0 son expulsion au cours de la renc<\/span><\/span><span class=\"s5\"><span class=\"bumpedFont15\">ontre face \u00e0<\/span><\/span><span class=\"s5\"><span class=\"bumpedFont15\">Akbou<\/span><\/span><span class=\"s5\"><span class=\"bumpedFont15\">, le d\u00e9fenseur central du <\/span><\/span><span class=\"s5\"><span class=\"bumpedFont15\">Chabab<\/span><\/span><span class=\"s5\"><span class=\"bumpedFont15\">, <\/span><\/span><span class=\"s5\"><span class=\"bumpedFont15\">Choua<\/span><\/span><span class=\"s5\"><span class=\"bumpedFont15\">\u00ef<\/span><\/span><span class=\"s5\"><span class=\"bumpedFont15\">b<\/span><\/span><span class=\"s5\"><span class=\"bumpedFont15\">Keddad<\/span><\/span><span class=\"s5\"><span class=\"bumpedFont15\"> va \u00e9coper d\u2019un minimum d\u2019un matc<\/span><\/span><span class=\"s5\"><span class=\"bumpedFont15\">h de suspension et donc <\/span><\/span><span class=\"s5\"><span class=\"bumpedFont15\">il ne pourra pas disputer la <\/span><\/span><span class=\"s5\"><span class=\"bumpedFont15\">rencontre face \u00e0<\/span><\/span><span class=\"s5\"><span class=\"bumpedFont15\"> l\u2019ESS<\/span><\/span><span class=\"s5\"><span class=\"bumpedFont15\"> jeudi prochain face<\/span><\/span><span class=\"s5\"><span class=\"bumpedFont15\">. Une absence qui va peser puisqu\u2019<\/span><\/span><span class=\"s5\"><span class=\"bumpedFont15\">il s\u2019agit <\/span><\/span><span class=\"s5\"><span class=\"bumpedFont15\">d\u2019un joueur tr\u00e8s important au sein de l\u2019\u00e9quipe.<\/span><\/span><\/p>\n","protected":false},"excerpt":{"rendered":"<p>Suite \u00e0 son expulsion au cours de la rencontre face \u00e0Akbou, le d\u00e9fenseur central du Chabab, Choua\u00efbKeddad va \u00e9coper d\u2019un minimum d\u2019un match de suspension et donc il ne pourra pas disputer la rencontre face \u00e0 l\u2019ESS jeudi prochain face. Une absence qui va peser puisqu\u2019il s\u2019agit d\u2019un joueur tr\u00e8s important au sein de l\u2019\u00e9quipe.<\/p>\n","protected":false},"author":7,"featured_media":53503,"comment_status":"open","ping_status":"open","sticky":false,"template":"","format":"standard","meta":{"footnotes":""},"categories":[127],"tags":[],"class_list":["post-53502","post","type-post","status-publish","format-standard","has-post-thumbnail","hentry","category-football-algerien"],"_links":{"self":[{"href":"https:\/\/planetesport.dz\/index.php?rest_route=\/wp\/v2\/posts\/53502","targetHints":{"allow":["GET"]}}],"collection":[{"href":"https:\/\/planetesport.dz\/index.php?rest_route=\/wp\/v2\/posts"}],"about":[{"href":"https:\/\/planetesport.dz\/index.php?rest_route=\/wp\/v2\/types\/post"}],"author":[{"embeddable":true,"href":"https:\/\/planetesport.dz\/index.php?rest_route=\/wp\/v2\/users\/7"}],"replies":[{"embeddable":true,"href":"https:\/\/planetesport.dz\/index.php?rest_route=%2Fwp%2Fv2%2Fcomments&post=53502"}],"version-history":[{"count":1,"href":"https:\/\/planetesport.dz\/index.php?rest_route=\/wp\/v2\/posts\/53502\/revisions"}],"predecessor-version":[{"id":53504,"href":"https:\/\/planetesport.dz\/index.php?rest_route=\/wp\/v2\/posts\/53502\/revisions\/53504"}],"wp:featuredmedia":[{"embeddable":true,"href":"https:\/\/planetesport.dz\/index.php?rest_route=\/wp\/v2\/media\/53503"}],"wp:attachment":[{"href":"https:\/\/planetesport.dz\/index.php?rest_route=%2Fwp%2Fv2%2Fmedia&parent=53502"}],"wp:term":[{"taxonomy":"category","embeddable":true,"href":"https:\/\/planetesport.dz\/index.php?rest_route=%2Fwp%2Fv2%2Fcategories&post=53502"},{"taxonomy":"post_tag","embeddable":true,"href":"https:\/\/planetesport.dz\/index.php?rest_route=%2Fwp%2Fv2%2Ftags&post=53502"}],"curies":[{"name":"wp","href":"https:\/\/api.w.org\/{rel}","templated":true}]}}