{"id":52536,"date":"2024-03-25T02:47:23","date_gmt":"2024-03-25T02:47:23","guid":{"rendered":"https:\/\/planetesport.dz\/?p=52536"},"modified":"2024-03-25T02:47:23","modified_gmt":"2024-03-25T02:47:23","slug":"les-centres-de-presse-des-stades-seront-baptises-des-noms-de-journalistes-sportifs","status":"publish","type":"post","link":"https:\/\/planetesport.dz\/?p=52536","title":{"rendered":"Les centres de presse des stades seront baptis\u00e9s des noms de journalistes sportifs"},"content":{"rendered":"<p>Le ministre de la Communication, Mohamed La\u00e2gab, a annonc\u00e9 derni\u00e8rement que les centres de presse au niveau des stades seront baptis\u00e9s des noms de journalistes sportifs, et ce, \u00e0 partir du 3 mai prochain, \u00e0 l\u2019occasion de la c\u00e9l\u00e9bration de la Journ\u00e9e mondiale de la libert\u00e9 de la presse. Dans un expos\u00e9 pr\u00e9sent\u00e9 devant la commission de la jeunesse, des sports et des activit\u00e9s associatives de l\u2019Assembl\u00e9e populaire nationale (APN), le ministre a pr\u00e9cis\u00e9 qu\u2019 \u00ab en application des mesures d\u00e9cid\u00e9es par le pr\u00e9sident de la R\u00e9publique, M. Abdelmadjid Tebboune, en faveur de la presse nationale, les centres de presse au niveau des stades seront baptis\u00e9s des noms de journalistes sportifs \u00e0 l\u2019occasion de la Journ\u00e9e mondiale de la libert\u00e9 de la presse, c\u00e9l\u00e9br\u00e9e le 3 mai de chaque ann\u00e9e \u00bb. Mettant en exergue \u00ab l\u2019int\u00e9r\u00eat \u00bb accru des m\u00e9dias alg\u00e9riens pour la couverture des \u00e9v\u00e8nements sportifs \u00ab attirant les jeunes qui repr\u00e9sentent 70% de la soci\u00e9t\u00e9 \u00bb, le ministre a soulign\u00e9 la n\u00e9cessit\u00e9 de porter \u00ab une attention particuli\u00e8re aux m\u00e9dias sportifs \u00bb. M. La\u00e2gab a rappel\u00e9 que le syst\u00e8me m\u00e9diatique national compte pr\u00e8s de 600 organes de presse dont la majorit\u00e9 est dot\u00e9e de services de r\u00e9daction sportive, ainsi que 22 journaux sportifs, 8 sites \u00e9lectroniques et une cha\u00eene t\u00e9l\u00e9vis\u00e9e priv\u00e9e, faisant savoir que le club de l\u2019Entente sportive s\u00e9tifienne (ESS) avait introduit une demande de cr\u00e9ation de sa cha\u00eene t\u00e9l\u00e9vis\u00e9e priv\u00e9e, en sus de l\u2019Organisation nationale des journalistes sportifs alg\u00e9riens (ONJSA).<\/p>\n<p>Il a indiqu\u00e9 \u00e9galement que le minist\u00e8re de la Communication veillait \u00e0 \u00ab la promotion de la performance des m\u00e9dias sportifs \u00bb, rappelant la session de formation organis\u00e9e au niveau du minist\u00e8re en faveur de 50 journalistes sportifs et pr\u00e9sentateurs d\u2019informations et de programmes t\u00e9l\u00e9vis\u00e9es relevant de cha\u00eenes publiques et priv\u00e9es. \u00ab La loi sur l\u2019information pr\u00e9voit un article clair sur l\u2019obligation de la formation pour les institutions m\u00e9diatiques qui sont tenues de consacrer un budget \u00e0 cet effet \u00bb, a fait savoir le ministre. Le ministre a \u00e9galement rappel\u00e9 les conclusions issues de la rencontre nationale sur l\u2019information sportive, sous le th\u00e8me: \u00ab Droit \u00e0 l\u2019information sportive et responsabilit\u00e9 journalistique \u00bb, notamment les recommandations formul\u00e9es pour promouvoir la presse sportive \u00e0 davantage de professionnalisme.<\/p>\n","protected":false},"excerpt":{"rendered":"<p>Le ministre de la Communication, Mohamed La\u00e2gab, a annonc\u00e9 derni\u00e8rement que les centres de presse au niveau des stades seront baptis\u00e9s des noms de journalistes sportifs, et ce, \u00e0 partir du 3 mai prochain, \u00e0 l\u2019occasion de la c\u00e9l\u00e9bration de la Journ\u00e9e mondiale de la libert\u00e9 de la presse. Dans un expos\u00e9 pr\u00e9sent\u00e9 devant la &hellip;<\/p>\n","protected":false},"author":3,"featured_media":52557,"comment_status":"open","ping_status":"open","sticky":false,"template":"","format":"standard","meta":{"footnotes":""},"categories":[127],"tags":[],"class_list":["post-52536","post","type-post","status-publish","format-standard","has-post-thumbnail","hentry","category-football-algerien"],"_links":{"self":[{"href":"https:\/\/planetesport.dz\/index.php?rest_route=\/wp\/v2\/posts\/52536","targetHints":{"allow":["GET"]}}],"collection":[{"href":"https:\/\/planetesport.dz\/index.php?rest_route=\/wp\/v2\/posts"}],"about":[{"href":"https:\/\/planetesport.dz\/index.php?rest_route=\/wp\/v2\/types\/post"}],"author":[{"embeddable":true,"href":"https:\/\/planetesport.dz\/index.php?rest_route=\/wp\/v2\/users\/3"}],"replies":[{"embeddable":true,"href":"https:\/\/planetesport.dz\/index.php?rest_route=%2Fwp%2Fv2%2Fcomments&post=52536"}],"version-history":[{"count":1,"href":"https:\/\/planetesport.dz\/index.php?rest_route=\/wp\/v2\/posts\/52536\/revisions"}],"predecessor-version":[{"id":52558,"href":"https:\/\/planetesport.dz\/index.php?rest_route=\/wp\/v2\/posts\/52536\/revisions\/52558"}],"wp:featuredmedia":[{"embeddable":true,"href":"https:\/\/planetesport.dz\/index.php?rest_route=\/wp\/v2\/media\/52557"}],"wp:attachment":[{"href":"https:\/\/planetesport.dz\/index.php?rest_route=%2Fwp%2Fv2%2Fmedia&parent=52536"}],"wp:term":[{"taxonomy":"category","embeddable":true,"href":"https:\/\/planetesport.dz\/index.php?rest_route=%2Fwp%2Fv2%2Fcategories&post=52536"},{"taxonomy":"post_tag","embeddable":true,"href":"https:\/\/planetesport.dz\/index.php?rest_route=%2Fwp%2Fv2%2Ftags&post=52536"}],"curies":[{"name":"wp","href":"https:\/\/api.w.org\/{rel}","templated":true}]}}