{"id":42095,"date":"2023-12-26T17:24:10","date_gmt":"2023-12-26T17:24:10","guid":{"rendered":"https:\/\/planetesport.dz\/?p=42095"},"modified":"2023-12-26T17:24:10","modified_gmt":"2023-12-26T17:24:10","slug":"la-6e-edition-du-cross-mohamed-allek-attendue-le-6-janvier-a-tizi-ouzou","status":"publish","type":"post","link":"https:\/\/planetesport.dz\/?p=42095","title":{"rendered":"La 6e \u00e9dition du \u00ab Cross Mohamed Allek \u00bb attendue le 6 janvier \u00e0 Tizi-Ouzou"},"content":{"rendered":"<p>La sixi\u00e8me \u00e9dition du Cross \u00ab\u00a0Mohamed Allek\u00a0\u00bb est programm\u00e9e pour la matin\u00e9e du 6 janvier prochain \u00e0 Tizi-Ouzou, offrant aux participants une opportunit\u00e9 unique de c\u00e9l\u00e9brer l&rsquo;h\u00e9ritage exceptionnel de l&rsquo;illustre athl\u00e8te handisport alg\u00e9rien. L&rsquo;\u00e9v\u00e9nement se tiendra sur le Domaine des fr\u00e8res Cha\u00e2bane, nich\u00e9 \u00e0 Tazmalt Nel-Kaf, \u00e0 proximit\u00e9 du march\u00e9 aux fruits et l\u00e9gumes de Tizi Ouzou. N\u00e9 le 17 ao\u00fbt 1974 \u00e0 Agouni Gueghrane, Mohamed Allek a marqu\u00e9 l&rsquo;histoire du sport par son excellence dans les \u00e9preuves de sprint, notamment le 100m et le 200m, s&rsquo;illustrant dans la cat\u00e9gorie T37. Sa carri\u00e8re, jalonn\u00e9e de succ\u00e8s, a atteint des sommets in\u00e9gal\u00e9s, faisant de lui l&rsquo;un des plus grands athl\u00e8tes handisport alg\u00e9riens de tous les temps.<\/p>\n<p>Au cours de sa longue et fructueuse carri\u00e8re, Mohamed Allek a accumul\u00e9 un palmar\u00e8s impressionnant, se parant de cinq titres de Champion du monde et de trois m\u00e9dailles d&rsquo;or olympiques en athl\u00e9tisme. Son influence transcendait les fronti\u00e8res sportives, \u00e9levant le handisport alg\u00e9rien sur la sc\u00e8ne internationale. Le 8 mars 2016, \u00e0 l&rsquo;\u00e2ge de 42 ans, Mohamed Allek s&rsquo;\u00e9teignait, laissant derri\u00e8re lui un h\u00e9ritage ind\u00e9l\u00e9bile. Pour honorer sa m\u00e9moire exceptionnelle, la sixi\u00e8me \u00e9dition du Cross \u00ab\u00a0Mohamed Allek\u00a0\u00bb est d\u00e9di\u00e9e \u00e0 cet athl\u00e8te hors pair. L&rsquo;\u00e9v\u00e9nement se veut un hommage vibrant \u00e0 l&rsquo;esprit de comp\u00e9tition, \u00e0 la d\u00e9termination et \u00e0 la r\u00e9silience qui ont caract\u00e9ris\u00e9 la vie et la carri\u00e8re de cet ic\u00f4ne du sport.<\/p>\n<p>Les participants au cross auront l&rsquo;occasion de fouler le sol o\u00f9 s&rsquo;est illustr\u00e9 Mohamed Allek, dans un lieu charg\u00e9 d&rsquo;\u00e9motion, symbole de son engagement ind\u00e9fectible envers l&rsquo;excellence sportive. Plus qu&rsquo;une simple comp\u00e9tition, cet \u00e9v\u00e9nement repr\u00e9sente un moment privil\u00e9gi\u00e9 pour la communaut\u00e9 sportive de se rassembler, se souvenir et c\u00e9l\u00e9brer l&rsquo;h\u00e9ritage d&rsquo;un champion qui a repouss\u00e9 les limites du possible.<\/p>\n","protected":false},"excerpt":{"rendered":"<p>La sixi\u00e8me \u00e9dition du Cross \u00ab\u00a0Mohamed Allek\u00a0\u00bb est programm\u00e9e pour la matin\u00e9e du 6 janvier prochain \u00e0 Tizi-Ouzou, offrant aux participants une opportunit\u00e9 unique de c\u00e9l\u00e9brer l&rsquo;h\u00e9ritage exceptionnel de l&rsquo;illustre athl\u00e8te handisport alg\u00e9rien. L&rsquo;\u00e9v\u00e9nement se tiendra sur le Domaine des fr\u00e8res Cha\u00e2bane, nich\u00e9 \u00e0 Tazmalt Nel-Kaf, \u00e0 proximit\u00e9 du march\u00e9 aux fruits et l\u00e9gumes de &hellip;<\/p>\n","protected":false},"author":3,"featured_media":42169,"comment_status":"open","ping_status":"open","sticky":false,"template":"","format":"standard","meta":{"footnotes":""},"categories":[129],"tags":[],"class_list":["post-42095","post","type-post","status-publish","format-standard","has-post-thumbnail","hentry","category-omnisport"],"_links":{"self":[{"href":"https:\/\/planetesport.dz\/index.php?rest_route=\/wp\/v2\/posts\/42095","targetHints":{"allow":["GET"]}}],"collection":[{"href":"https:\/\/planetesport.dz\/index.php?rest_route=\/wp\/v2\/posts"}],"about":[{"href":"https:\/\/planetesport.dz\/index.php?rest_route=\/wp\/v2\/types\/post"}],"author":[{"embeddable":true,"href":"https:\/\/planetesport.dz\/index.php?rest_route=\/wp\/v2\/users\/3"}],"replies":[{"embeddable":true,"href":"https:\/\/planetesport.dz\/index.php?rest_route=%2Fwp%2Fv2%2Fcomments&post=42095"}],"version-history":[{"count":1,"href":"https:\/\/planetesport.dz\/index.php?rest_route=\/wp\/v2\/posts\/42095\/revisions"}],"predecessor-version":[{"id":42177,"href":"https:\/\/planetesport.dz\/index.php?rest_route=\/wp\/v2\/posts\/42095\/revisions\/42177"}],"wp:featuredmedia":[{"embeddable":true,"href":"https:\/\/planetesport.dz\/index.php?rest_route=\/wp\/v2\/media\/42169"}],"wp:attachment":[{"href":"https:\/\/planetesport.dz\/index.php?rest_route=%2Fwp%2Fv2%2Fmedia&parent=42095"}],"wp:term":[{"taxonomy":"category","embeddable":true,"href":"https:\/\/planetesport.dz\/index.php?rest_route=%2Fwp%2Fv2%2Fcategories&post=42095"},{"taxonomy":"post_tag","embeddable":true,"href":"https:\/\/planetesport.dz\/index.php?rest_route=%2Fwp%2Fv2%2Ftags&post=42095"}],"curies":[{"name":"wp","href":"https:\/\/api.w.org\/{rel}","templated":true}]}}