{"id":31878,"date":"2023-10-01T23:58:52","date_gmt":"2023-10-01T23:58:52","guid":{"rendered":"https:\/\/planetesport.dz\/?p=31878"},"modified":"2023-10-01T23:58:52","modified_gmt":"2023-10-01T23:58:52","slug":"lalgerie-a-t-elle-judicieusement-choisi-son-candidat","status":"publish","type":"post","link":"https:\/\/planetesport.dz\/?p=31878","title":{"rendered":"L\u2019Alg\u00e9rie a-t-elle judicieusement choisi son candidat\u00a0?"},"content":{"rendered":"<p class=\"western\"><em><b>Selon des sources bien inform\u00e9es, le pr\u00e9sident de la F\u00e9d\u00e9ration alg\u00e9rienne de football, Walid Sadi, devrait sans aucun doute soutenir le pr\u00e9sident de la F\u00e9d\u00e9ration s\u00e9n\u00e9galaise de football, Augustin Senghor, si ce dernier se pr\u00e9sentait \u00e0 la pr\u00e9sidence de la Conf\u00e9d\u00e9ration africaine de football, au d\u00e9triment de l\u2019actuel patron, Patrice Motsepe.<\/b><\/em><\/p>\n<p class=\"western\">Walid Sadi estime que le pr\u00e9sident de la F\u00e9d\u00e9ration s\u00e9n\u00e9galaise de football est le seul dirigeant de l\u2019instance fa\u00eeti\u00e8re capable d&rsquo;op\u00e9rer un changement radical au sein de la CAF, devenue l&rsquo;otage d&rsquo;un clan malsain qui contr\u00f4le et travaille pour ses propres int\u00e9r\u00eats et objectifs personnels.<\/p>\n<p class=\"western\">Le pr\u00e9sident de la F\u00e9d\u00e9ration s\u00e9n\u00e9galaise, Augustin Senghor a confirm\u00e9 dans de r\u00e9centes d\u00e9clarations aux m\u00e9dias que la candidature de l&rsquo;Alg\u00e9rie \u00e9tait l&rsquo;une des plus solides pour accueillir les CAN-2025 et 2027. Le vice-pr\u00e9sident de la CAF a tenu \u00e0 mettre en exergue les infrastructures et les capacit\u00e9s de l\u2019Alg\u00e9rie \u00e0 organiser un tournoi de cette envergure. \u00ab L&rsquo;Alg\u00e9rie a fait ce qu&rsquo;elle devait faire. Elle est au plus haut niveau de pr\u00e9paration en termes d\u2019infrastructures, et d\u2019organisation pour accueillir les CAN-2025 ou 2027\u00a0\u00bb.<\/p>\n<p class=\"western\"><b>Senghor ira-t-il au bout de ses ambitions\u00a0?<\/b><\/p>\n<p class=\"western\">Cependant, les prochaines \u00e9lections pour la pr\u00e9sidence de la CAF auront lieu l&rsquo;ann\u00e9e prochaine, apr\u00e8s la fin du mandat actuel du Sud-Africain Patrice Motsepe, qui a d\u00e9but\u00e9 en 2021. Mais les coulisses pourraient tout remettre en cause comme cela s\u2019est d\u00e9j\u00e0 produit lors de l\u2019\u00e9lection du milliardaire sud-africain. L\u2019on se rappelle que le vice-pr\u00e9sident actuel, le S\u00e9n\u00e9galais Augustin Senghor \u00e9tait un candidat \u00e0 la pr\u00e9sidence de la CAF, avant que la FIFA n\u2019intervienne en faveur de Motsepe en trouvant un deal avec les deux autres candidats, le Mauritanien Ahmed Yahya et l\u2019Ivoirien Anouma. \u00ab\u00a0Nous avons d\u00e9cid\u00e9 d&rsquo;accepter la proposition qui nous a \u00e9t\u00e9 soumise par la FIFA, le Maroc et l&rsquo;Egypte dans l&rsquo;int\u00e9r\u00eat sup\u00e9rieur de l&rsquo;unit\u00e9 du football africain.\u00a0\u00bb Et d\u2019encha\u00eener\u00a0: \u00ab\u00a0Le retrait de ma candidature \u00e0 la pr\u00e9sidence de la CAF au profit d&rsquo;un autre candidat ne sera pas partag\u00e9 par tous, pour diverses raisons, mais je pense que c&rsquo;est la bonne d\u00e9cision\u00a0\u00bb. Et de conclure\u00a0: \u00ab\u00a0Atteindre l&rsquo;objectif d&rsquo;une CAF forte, unie, plus efficace et plus attractive vaut tous les sacrifices, m\u00eame celui de renoncer \u00e0 des ambitions personnelles l\u00e9gitimes\u00a0\u00bb, a dit Augustin Senghor en 2021.<\/p>\n<p class=\"western\">Il convient de noter que Senghor, premier vice-pr\u00e9sident de la Conf\u00e9d\u00e9ration africaine de football et pr\u00e9sident de la F\u00e9d\u00e9ration s\u00e9n\u00e9galaise, est actuellement consid\u00e9r\u00e9 comme l&rsquo;un des dirigeants les plus puissants du football africain. Sous sa pr\u00e9sidence, le S\u00e9n\u00e9gal a domin\u00e9 litt\u00e9ralement le foot continental\u00a0; le S\u00e9n\u00e9gal a \u00e9t\u00e9 sacr\u00e9 champion d\u2019Afrique (CAN-2021), les locaux ont remport\u00e9 en Alg\u00e9rie, le CHAN alors que les s\u00e9lections U-20 et U-17 ont \u00e9galement \u00e9t\u00e9 championnes d\u2019Afrique de leur cat\u00e9gorie respective.<\/p>\n<p class=\"western\" align=\"right\"><b>Djamel Abed<\/b><\/p>\n","protected":false},"excerpt":{"rendered":"<p>Selon des sources bien inform\u00e9es, le pr\u00e9sident de la F\u00e9d\u00e9ration alg\u00e9rienne de football, Walid Sadi, devrait sans aucun doute soutenir le pr\u00e9sident de la F\u00e9d\u00e9ration s\u00e9n\u00e9galaise de football, Augustin Senghor, si ce dernier se pr\u00e9sentait \u00e0 la pr\u00e9sidence de la Conf\u00e9d\u00e9ration africaine de football, au d\u00e9triment de l\u2019actuel patron, Patrice Motsepe. Walid Sadi estime que &hellip;<\/p>\n","protected":false},"author":3,"featured_media":31932,"comment_status":"open","ping_status":"open","sticky":false,"template":"","format":"standard","meta":{"footnotes":""},"categories":[128],"tags":[],"class_list":["post-31878","post","type-post","status-publish","format-standard","has-post-thumbnail","hentry","category-football-etranger"],"_links":{"self":[{"href":"https:\/\/planetesport.dz\/index.php?rest_route=\/wp\/v2\/posts\/31878","targetHints":{"allow":["GET"]}}],"collection":[{"href":"https:\/\/planetesport.dz\/index.php?rest_route=\/wp\/v2\/posts"}],"about":[{"href":"https:\/\/planetesport.dz\/index.php?rest_route=\/wp\/v2\/types\/post"}],"author":[{"embeddable":true,"href":"https:\/\/planetesport.dz\/index.php?rest_route=\/wp\/v2\/users\/3"}],"replies":[{"embeddable":true,"href":"https:\/\/planetesport.dz\/index.php?rest_route=%2Fwp%2Fv2%2Fcomments&post=31878"}],"version-history":[{"count":1,"href":"https:\/\/planetesport.dz\/index.php?rest_route=\/wp\/v2\/posts\/31878\/revisions"}],"predecessor-version":[{"id":31933,"href":"https:\/\/planetesport.dz\/index.php?rest_route=\/wp\/v2\/posts\/31878\/revisions\/31933"}],"wp:featuredmedia":[{"embeddable":true,"href":"https:\/\/planetesport.dz\/index.php?rest_route=\/wp\/v2\/media\/31932"}],"wp:attachment":[{"href":"https:\/\/planetesport.dz\/index.php?rest_route=%2Fwp%2Fv2%2Fmedia&parent=31878"}],"wp:term":[{"taxonomy":"category","embeddable":true,"href":"https:\/\/planetesport.dz\/index.php?rest_route=%2Fwp%2Fv2%2Fcategories&post=31878"},{"taxonomy":"post_tag","embeddable":true,"href":"https:\/\/planetesport.dz\/index.php?rest_route=%2Fwp%2Fv2%2Ftags&post=31878"}],"curies":[{"name":"wp","href":"https:\/\/api.w.org\/{rel}","templated":true}]}}