{"id":28376,"date":"2023-08-29T23:23:03","date_gmt":"2023-08-29T23:23:03","guid":{"rendered":"https:\/\/planetesport.dz\/?p=28376"},"modified":"2023-08-30T12:04:36","modified_gmt":"2023-08-30T12:04:36","slug":"rachid-ghezzal-est-de-retour","status":"publish","type":"post","link":"https:\/\/planetesport.dz\/?p=28376","title":{"rendered":"Rachid Ghezzal est de retour"},"content":{"rendered":"<p>L\u2019international alg\u00e9rien Rachid Ghezzal a confirm\u00e9 \u00eatre pr\u00eat \u00e0 reprendre la comp\u00e9tition avec le club turc de Besiktas apr\u00e8s s\u2019\u00eatre remis de sa blessure. L\u2019international alg\u00e9rien a d\u00e9clar\u00e9 : \u00ab Le football et les supporters me manquent beaucoup. Je suis compl\u00e8tement remis de ma blessure, j\u2019ai compens\u00e9 le manque de matches et d\u2019entra\u00eenement \u00bb, avant d\u2019ajouter : \u00ab J\u2019ai discut\u00e9 avec l\u2019entra\u00eeneur \u015eenol G\u00fcne\u015f et lui ai dit que j\u2019\u00e9tais pr\u00eat \u00bb. Ghezzal a confirm\u00e9 qu\u2019il pourrait jouer le match de Sivasspor en Premi\u00e8re Ligue, a rapport\u00e9 le site \u00e9lectronique turc \u00ab Hurriyet \u00bb Ghezzal avait, pour rappel, rat\u00e9 le match du tour pr\u00e9liminaire de la Ligue europ\u00e9enne de conf\u00e9rence ainsi que le match d\u2019ouverture du championnat turc, en raison d\u2019une blessure musculaire, ce qui a amen\u00e9 l\u2019entra\u00eeneur de l\u2019\u00e9quipe, \u015eenol G\u00fcne\u015f, \u00e0 prendre la d\u00e9cision de l\u2019exclure de la comp\u00e9tition continentale. Ghezzal se pr\u00e9pare d\u00e9sormais \u00e0 un nouveau d\u00e9part pour la saison 2023-24. Et alors que Besiktas a disput\u00e9 7 matches dont 5 en Europe et 2 en championnat, le joueur alg\u00e9rien \u00e9tant en convalescence, n\u2019a pas pu participer \u00e0 ces matches en ce d\u00e9but de saison.<\/p>\n<p style=\"text-align: right\"><strong>Djamel A.<\/strong><\/p>\n","protected":false},"excerpt":{"rendered":"<p>L\u2019international alg\u00e9rien Rachid Ghezzal a confirm\u00e9 \u00eatre pr\u00eat \u00e0 reprendre la comp\u00e9tition avec le club turc de Besiktas apr\u00e8s s\u2019\u00eatre remis de sa blessure. L\u2019international alg\u00e9rien a d\u00e9clar\u00e9 : \u00ab Le football et les supporters me manquent beaucoup. Je suis compl\u00e8tement remis de ma blessure, j\u2019ai compens\u00e9 le manque de matches et d\u2019entra\u00eenement \u00bb, avant &hellip;<\/p>\n","protected":false},"author":3,"featured_media":28485,"comment_status":"open","ping_status":"open","sticky":false,"template":"","format":"standard","meta":{"footnotes":""},"categories":[128],"tags":[],"class_list":["post-28376","post","type-post","status-publish","format-standard","has-post-thumbnail","hentry","category-football-etranger"],"_links":{"self":[{"href":"https:\/\/planetesport.dz\/index.php?rest_route=\/wp\/v2\/posts\/28376","targetHints":{"allow":["GET"]}}],"collection":[{"href":"https:\/\/planetesport.dz\/index.php?rest_route=\/wp\/v2\/posts"}],"about":[{"href":"https:\/\/planetesport.dz\/index.php?rest_route=\/wp\/v2\/types\/post"}],"author":[{"embeddable":true,"href":"https:\/\/planetesport.dz\/index.php?rest_route=\/wp\/v2\/users\/3"}],"replies":[{"embeddable":true,"href":"https:\/\/planetesport.dz\/index.php?rest_route=%2Fwp%2Fv2%2Fcomments&post=28376"}],"version-history":[{"count":1,"href":"https:\/\/planetesport.dz\/index.php?rest_route=\/wp\/v2\/posts\/28376\/revisions"}],"predecessor-version":[{"id":28427,"href":"https:\/\/planetesport.dz\/index.php?rest_route=\/wp\/v2\/posts\/28376\/revisions\/28427"}],"wp:featuredmedia":[{"embeddable":true,"href":"https:\/\/planetesport.dz\/index.php?rest_route=\/wp\/v2\/media\/28485"}],"wp:attachment":[{"href":"https:\/\/planetesport.dz\/index.php?rest_route=%2Fwp%2Fv2%2Fmedia&parent=28376"}],"wp:term":[{"taxonomy":"category","embeddable":true,"href":"https:\/\/planetesport.dz\/index.php?rest_route=%2Fwp%2Fv2%2Fcategories&post=28376"},{"taxonomy":"post_tag","embeddable":true,"href":"https:\/\/planetesport.dz\/index.php?rest_route=%2Fwp%2Fv2%2Ftags&post=28376"}],"curies":[{"name":"wp","href":"https:\/\/api.w.org\/{rel}","templated":true}]}}