{"id":19656,"date":"2023-06-12T23:49:06","date_gmt":"2023-06-12T23:49:06","guid":{"rendered":"https:\/\/planetesport.dz\/?p=19656"},"modified":"2023-06-12T23:49:06","modified_gmt":"2023-06-12T23:49:06","slug":"la-fin-de-saison-repoussee-au-15-juillet-la-caf-reporte-son-delai-au-10-juillet","status":"publish","type":"post","link":"https:\/\/planetesport.dz\/?p=19656","title":{"rendered":"La fin de saison repouss\u00e9e au 15 juillet &#8211; La CAF reporte son d\u00e9lai au 10 juillet"},"content":{"rendered":"<p>Encore une fois, la Ligue de football professionnel (LFP) a \u00e9t\u00e9 dans l\u2019obligation de modifier le calendrier de la Ligue 1 Mobilis, repoussant la fin de l\u2019exercice 2022-2023 au 15 juillet, apr\u00e8s avoir \u00e9t\u00e9 initialement pr\u00e9vu le 4 juillet. Et pour cause, la pr\u00e9sence de cinq joueurs de l\u2019USM Alger, dont quatre en \u00e9quipe nationale A, convoqu\u00e9s par le s\u00e9lectionneur Djamel Belmadi face \u00e0 l\u2019Ouganda \u00e0 Douala en qualifications de la CAN-2023 (report\u00e9e \u00e0 2024), et en amical face \u00e0 la Tunisie \u00e0 Annaba, a pouss\u00e9 la LFP \u00e0 \u00e9tablir un nouveau calendrier. \u00ab Au vu de la publication de la liste des joueurs s\u00e9lectionn\u00e9s en \u00e9quipe nationale sur le site de la FAF, le mardi 30 mai pour le stage de juin (du 12 au 20 juin), et suite \u00e0 la demande de l\u2019USM Alger de reporter ses matchs de championnat pendant la p\u00e9riode du stage, re\u00e7ue aujourd\u2019hui par la Ligue, en raison de la convocation de 5 joueurs dans les diff\u00e9rentes s\u00e9lections, la LFP, en application du r\u00e8glement des championnats de football professionnel a \u00e9t\u00e9 oblig\u00e9e d\u2019apporter des modifications au programme du championnat professionnel Mobilis \u00bb, a \u00e9crit l\u2019instance dirigeante de la comp\u00e9tition dimanche soir dans un communiqu\u00e9 publi\u00e9 sur son site officiel. \u00ab La LFP regrette le changement du calendrier du championnat professionnel pour des raisons ind\u00e9pendantes de sa volont\u00e9 \u00bb, encha\u00eene la m\u00eame source. Du coup, la 26e journ\u00e9e du championnat, programm\u00e9e initialement pour ce mardi 13 juin, se jouera le samedi 1er juillet prochain. Le derby de la capitale entre l\u2019USM Alger et le MC Alger, comptant pour la mise \u00e0 jour de la 23e journ\u00e9e, fix\u00e9 dans un premier temps au vendredi 16 juin, a \u00e9t\u00e9 d\u00e9cal\u00e9 d\u2019une semaine soit le vendredi 26 juin.<\/p>\n<p style=\"text-align: right\"><strong>Mohamed. M<\/strong><\/p>\n<p><strong>Voici par ailleurs le calendrier modifi\u00e9 de la Ligue 1 Mobilis\u00a0:<\/strong><\/p>\n<p><strong>23e journ\u00e9e (mise \u00e0 jour)<\/strong><br \/>\nUSMA-MCA<br \/>\nVendredi 23 Juin 2023<br \/>\n<strong>24e journ\u00e9e (mise \u00e0 jour)<\/strong><br \/>\nJSS-USMA<br \/>\nMardi 27 Juin 2023<br \/>\n<strong>26e journ\u00e9e<\/strong><br \/>\nSamedi 1 Juillet 2023<br \/>\n<strong>27e journ\u00e9e<\/strong><br \/>\nMardi 4 Juillet 2023<br \/>\n<strong>28e journ\u00e9e<\/strong><br \/>\nVendredi 7 Juillet 2023<br \/>\n<strong>29e journ\u00e9e<\/strong><br \/>\nLundi 10 Juillet 2023<br \/>\n30e et derni\u00e8re journ\u00e9e<br \/>\nSamedi 15 Juillet 2023<\/p>\n","protected":false},"excerpt":{"rendered":"<p>Encore une fois, la Ligue de football professionnel (LFP) a \u00e9t\u00e9 dans l\u2019obligation de modifier le calendrier de la Ligue 1 Mobilis, repoussant la fin de l\u2019exercice 2022-2023 au 15 juillet, apr\u00e8s avoir \u00e9t\u00e9 initialement pr\u00e9vu le 4 juillet. Et pour cause, la pr\u00e9sence de cinq joueurs de l\u2019USM Alger, dont quatre en \u00e9quipe nationale &hellip;<\/p>\n","protected":false},"author":3,"featured_media":0,"comment_status":"open","ping_status":"open","sticky":false,"template":"","format":"standard","meta":{"footnotes":""},"categories":[127],"tags":[],"class_list":["post-19656","post","type-post","status-publish","format-standard","hentry","category-football-algerien"],"_links":{"self":[{"href":"https:\/\/planetesport.dz\/index.php?rest_route=\/wp\/v2\/posts\/19656","targetHints":{"allow":["GET"]}}],"collection":[{"href":"https:\/\/planetesport.dz\/index.php?rest_route=\/wp\/v2\/posts"}],"about":[{"href":"https:\/\/planetesport.dz\/index.php?rest_route=\/wp\/v2\/types\/post"}],"author":[{"embeddable":true,"href":"https:\/\/planetesport.dz\/index.php?rest_route=\/wp\/v2\/users\/3"}],"replies":[{"embeddable":true,"href":"https:\/\/planetesport.dz\/index.php?rest_route=%2Fwp%2Fv2%2Fcomments&post=19656"}],"version-history":[{"count":1,"href":"https:\/\/planetesport.dz\/index.php?rest_route=\/wp\/v2\/posts\/19656\/revisions"}],"predecessor-version":[{"id":19711,"href":"https:\/\/planetesport.dz\/index.php?rest_route=\/wp\/v2\/posts\/19656\/revisions\/19711"}],"wp:attachment":[{"href":"https:\/\/planetesport.dz\/index.php?rest_route=%2Fwp%2Fv2%2Fmedia&parent=19656"}],"wp:term":[{"taxonomy":"category","embeddable":true,"href":"https:\/\/planetesport.dz\/index.php?rest_route=%2Fwp%2Fv2%2Fcategories&post=19656"},{"taxonomy":"post_tag","embeddable":true,"href":"https:\/\/planetesport.dz\/index.php?rest_route=%2Fwp%2Fv2%2Ftags&post=19656"}],"curies":[{"name":"wp","href":"https:\/\/api.w.org\/{rel}","templated":true}]}}