{"id":152133,"date":"2026-05-03T06:03:13","date_gmt":"2026-05-03T06:03:13","guid":{"rendered":"https:\/\/planetesport.dz\/?p=152133"},"modified":"2026-05-03T06:03:13","modified_gmt":"2026-05-03T06:03:13","slug":"mondial-2026-un-dernier-espoir-pour-lamine-yamal","status":"publish","type":"post","link":"https:\/\/planetesport.dz\/?p=152133","title":{"rendered":"Mondial-2026, un dernier espoir pour Lamine Yamal"},"content":{"rendered":"<p><strong>L&rsquo;Espagne a re\u00e7u un coup de pouce important dans sa qu\u00eate du titre mondial apr\u00e8s la r\u00e9v\u00e9lation que le FC Barcelone a mis en place un plan pour faciliter le retour en forme de son attaquant Lamine Yamal.<\/strong><\/p>\n<p>Yamal manquera le reste de la saison de championnat apr\u00e8s s\u2019\u00eatre bless\u00e9 aux ischio-jambiers de la jambe gauche en marquant le penalty d\u00e9cisif lors de la victoire (1-0) du Bar\u00e7a contre le Celta Vigo en Liga, plus t\u00f4t ce mois-ci. Cependant, apr\u00e8s avoir annonc\u00e9 l\u2019absence de Yamal pour les cinq derniers matchs de championnat, le FC Barcelone a indiqu\u00e9 que le joueur de 18 ans devrait \u00eatre r\u00e9tabli avant le d\u00e9but de la Coupe du monde en Am\u00e9rique du Nord.<\/p>\n<p><strong>Un plan en plusieurs \u00e9tapes<\/strong><\/p>\n<p>On sait d\u00e9sormais comment le FC Barcelone compte g\u00e9rer la blessure de Yamal d\u2019ici le coup d\u2019envoi de la plus grande comp\u00e9tition de football au monde, qui d\u00e9butera le jeudi 11 juin. Selon le quotidien espagnol Diario AS, Barcelone aurait organis\u00e9 une r\u00e9union entre sa direction et les kin\u00e9sith\u00e9rapeutes Ra\u00fal Martinez et Fernando Galan afin d\u2019\u00e9tablir un plan de r\u00e9\u00e9ducation permettant \u00e0 Yamal de participer au tournoi le mois prochain. Selon le rapport, Galan, un kin\u00e9sith\u00e9rapeute externe qui travaille avec Barcelone depuis plusieurs ann\u00e9es, supervisera principalement la r\u00e9\u00e9ducation de Yamal, sous la direction du responsable de la kin\u00e9sith\u00e9rapie de l\u2019\u00e9quipe premi\u00e8re, Martinez. Il semblerait que Galan et Martinez aient inform\u00e9 la direction du FC Barcelone que Yamal devrait \u00eatre absent pendant six \u00e0 sept semaines en raison de sa blessure aux ischio-jambiers.<\/p>\n<p>De ce fait, il devrait manquer le premier match de l\u2019Espagne \u00e0 la Coupe du monde contre le Cap-Vert, le lundi 15 juin \u00e0 Atlanta, aux \u00c9tats-Unis. Le rapport indique \u00e9galement que Yamal est pressenti pour faire son retour en tant que rempla\u00e7ant en seconde p\u00e9riode lors du deuxi\u00e8me match des champions d\u2019Europe contre l\u2019Arabie saoudite, six jours plus tard, \u00e9galement \u00e0 Atlanta, aux \u00c9tats-Unis. Si Yamal sort indemne de ce match contre l\u2019Arabie saoudite, le jeune prodige devrait ensuite \u00eatre titularis\u00e9 contre l\u2019Uruguay, le samedi 27 juin \u00e0 Zapopan, au Mexique. L\u2019Espagne est largement consid\u00e9r\u00e9e comme l\u2019une des favorites pour remporter la Coupe du monde cet \u00e9t\u00e9, aux c\u00f4t\u00e9s de l\u2019Argentine, tenante du titre, et de la France. Peut-on lire sur le site football.365.fr.<\/p>\n","protected":false},"excerpt":{"rendered":"<p>L&rsquo;Espagne a re\u00e7u un coup de pouce important dans sa qu\u00eate du titre mondial apr\u00e8s la r\u00e9v\u00e9lation que le FC Barcelone a mis en place un plan pour faciliter le retour en forme de son attaquant Lamine Yamal. Yamal manquera le reste de la saison de championnat apr\u00e8s s\u2019\u00eatre bless\u00e9 aux ischio-jambiers de la jambe &hellip;<\/p>\n","protected":false},"author":3,"featured_media":152155,"comment_status":"closed","ping_status":"closed","sticky":false,"template":"","format":"standard","meta":{"footnotes":""},"categories":[128],"tags":[],"class_list":["post-152133","post","type-post","status-publish","format-standard","has-post-thumbnail","hentry","category-football-etranger"],"_links":{"self":[{"href":"https:\/\/planetesport.dz\/index.php?rest_route=\/wp\/v2\/posts\/152133","targetHints":{"allow":["GET"]}}],"collection":[{"href":"https:\/\/planetesport.dz\/index.php?rest_route=\/wp\/v2\/posts"}],"about":[{"href":"https:\/\/planetesport.dz\/index.php?rest_route=\/wp\/v2\/types\/post"}],"author":[{"embeddable":true,"href":"https:\/\/planetesport.dz\/index.php?rest_route=\/wp\/v2\/users\/3"}],"replies":[{"embeddable":true,"href":"https:\/\/planetesport.dz\/index.php?rest_route=%2Fwp%2Fv2%2Fcomments&post=152133"}],"version-history":[{"count":1,"href":"https:\/\/planetesport.dz\/index.php?rest_route=\/wp\/v2\/posts\/152133\/revisions"}],"predecessor-version":[{"id":152204,"href":"https:\/\/planetesport.dz\/index.php?rest_route=\/wp\/v2\/posts\/152133\/revisions\/152204"}],"wp:featuredmedia":[{"embeddable":true,"href":"https:\/\/planetesport.dz\/index.php?rest_route=\/wp\/v2\/media\/152155"}],"wp:attachment":[{"href":"https:\/\/planetesport.dz\/index.php?rest_route=%2Fwp%2Fv2%2Fmedia&parent=152133"}],"wp:term":[{"taxonomy":"category","embeddable":true,"href":"https:\/\/planetesport.dz\/index.php?rest_route=%2Fwp%2Fv2%2Fcategories&post=152133"},{"taxonomy":"post_tag","embeddable":true,"href":"https:\/\/planetesport.dz\/index.php?rest_route=%2Fwp%2Fv2%2Ftags&post=152133"}],"curies":[{"name":"wp","href":"https:\/\/api.w.org\/{rel}","templated":true}]}}