{"id":152132,"date":"2026-05-03T06:03:11","date_gmt":"2026-05-03T06:03:11","guid":{"rendered":"https:\/\/planetesport.dz\/?p=152132"},"modified":"2026-05-03T06:03:11","modified_gmt":"2026-05-03T06:03:11","slug":"manchester-united-hesite-encore-pour-michael-carrick","status":"publish","type":"post","link":"https:\/\/planetesport.dz\/?p=152132","title":{"rendered":"Manchester United h\u00e9site encore pour Michael Carrick"},"content":{"rendered":"<p>Alors que Manchester United s\u2019appr\u00eate \u00e0 trancher sur l\u2019avenir de son banc, la situation de Michael Carrick continue de faire d\u00e9bat en interne. Selon la presse anglaise, l\u2019ancien milieu des Red Devils ne disposerait pas encore d\u2019une \u00e9quipe pleinement fa\u00e7onn\u00e9e \u00e0 son image. \u00ab Ce n\u2019est pas encore l\u2019\u00e9quipe de Michael Carrick. On me dit m\u00eame qu\u2019il ne joue pas le football qu\u2019il souhaite \u00bb, a confi\u00e9 Andy Mitten, un c\u00e9l\u00e8bre journaliste anglais, dans l\u2019\u00e9mission Talk of the Devils, soulignant un d\u00e9calage entre les id\u00e9es du technicien et la r\u00e9alit\u00e9 actuelle du terrain. Dans ce contexte de r\u00e9flexion strat\u00e9gique, Sir Jim Ratcliffe et la direction mancunienne h\u00e9sitent encore entre plusieurs profils pour le poste permanent, alors que la qualification en Ligue des champions semble se rapprocher. Si Carrick appara\u00eet comme le favori naturel apr\u00e8s ses r\u00e9sultats r\u00e9cents, notamment la victoire face \u00e0 Brentford, la concurrence reste vive, \u00e0 commencer par Andoni Iraola, impressionnant avec Bournemouth et \u00e9galement courtis\u00e9 par Chelsea et Crystal Palace. Rapporte le site footmercato.net.<\/p>\n","protected":false},"excerpt":{"rendered":"<p>Alors que Manchester United s\u2019appr\u00eate \u00e0 trancher sur l\u2019avenir de son banc, la situation de Michael Carrick continue de faire d\u00e9bat en interne. Selon la presse anglaise, l\u2019ancien milieu des Red Devils ne disposerait pas encore d\u2019une \u00e9quipe pleinement fa\u00e7onn\u00e9e \u00e0 son image. \u00ab Ce n\u2019est pas encore l\u2019\u00e9quipe de Michael Carrick. On me dit &hellip;<\/p>\n","protected":false},"author":3,"featured_media":152154,"comment_status":"closed","ping_status":"closed","sticky":false,"template":"","format":"standard","meta":{"footnotes":""},"categories":[128],"tags":[],"class_list":["post-152132","post","type-post","status-publish","format-standard","has-post-thumbnail","hentry","category-football-etranger"],"_links":{"self":[{"href":"https:\/\/planetesport.dz\/index.php?rest_route=\/wp\/v2\/posts\/152132","targetHints":{"allow":["GET"]}}],"collection":[{"href":"https:\/\/planetesport.dz\/index.php?rest_route=\/wp\/v2\/posts"}],"about":[{"href":"https:\/\/planetesport.dz\/index.php?rest_route=\/wp\/v2\/types\/post"}],"author":[{"embeddable":true,"href":"https:\/\/planetesport.dz\/index.php?rest_route=\/wp\/v2\/users\/3"}],"replies":[{"embeddable":true,"href":"https:\/\/planetesport.dz\/index.php?rest_route=%2Fwp%2Fv2%2Fcomments&post=152132"}],"version-history":[{"count":1,"href":"https:\/\/planetesport.dz\/index.php?rest_route=\/wp\/v2\/posts\/152132\/revisions"}],"predecessor-version":[{"id":152203,"href":"https:\/\/planetesport.dz\/index.php?rest_route=\/wp\/v2\/posts\/152132\/revisions\/152203"}],"wp:featuredmedia":[{"embeddable":true,"href":"https:\/\/planetesport.dz\/index.php?rest_route=\/wp\/v2\/media\/152154"}],"wp:attachment":[{"href":"https:\/\/planetesport.dz\/index.php?rest_route=%2Fwp%2Fv2%2Fmedia&parent=152132"}],"wp:term":[{"taxonomy":"category","embeddable":true,"href":"https:\/\/planetesport.dz\/index.php?rest_route=%2Fwp%2Fv2%2Fcategories&post=152132"},{"taxonomy":"post_tag","embeddable":true,"href":"https:\/\/planetesport.dz\/index.php?rest_route=%2Fwp%2Fv2%2Ftags&post=152132"}],"curies":[{"name":"wp","href":"https:\/\/api.w.org\/{rel}","templated":true}]}}