{"id":152130,"date":"2026-05-03T06:02:20","date_gmt":"2026-05-03T06:02:20","guid":{"rendered":"https:\/\/planetesport.dz\/?p=152130"},"modified":"2026-05-03T06:02:20","modified_gmt":"2026-05-03T06:02:20","slug":"real-madrid-dani-carvajal-forfait-pour-le-clasico","status":"publish","type":"post","link":"https:\/\/planetesport.dz\/?p=152130","title":{"rendered":"Real Madrid : Dani Carvajal forfait pour le Clasico ?"},"content":{"rendered":"<p>Coup dur pour le Real Madrid. Le club a annonc\u00e9 samedi la blessure de son d\u00e9fenseur Dani Carvajal, \u00e0 quelques jours du Clasico. Mauvaise nouvelle pour Alvaro Arbeloa avant le rendez-vous contre le FC Barcelone. L\u2019entra\u00eeneur du Real Madrid pourrait \u00eatre priv\u00e9 de l\u2019un de ses briscards en d\u00e9fense. Le lat\u00e9ral droit espagnol Dani Carvajal est bless\u00e9. Selon le communiqu\u00e9 m\u00e9dical du club, il serait victime d\u2019une \u00ab fissure de la phalange distale du cinqui\u00e8me orteil du pied droit \u00bb. Les examens pass\u00e9s par le joueur de 34 ans ont \u00e9t\u00e9 clairs. M\u00eame avec des soins acc\u00e9l\u00e9r\u00e9s, Dani Carvajal sera indisponible au moins deux semaines, le temps que la fissure se consolide. Le club pr\u00e9cise que \u00ab sa r\u00e9cup\u00e9ration sera suivie de pr\u00e8s \u00bb. Cons\u00e9quence directe : Dani Carvajal manquera le match de Liga contre l\u2019Espanyol pr\u00e9vu pour dimanche. Plus emb\u00eatant, le champion d\u2019Europe 2024 est forfait pour le Clasico du 10 mai face au FC Barcelone, d\u00e9cisif pour le titre. Sa participation contre le Real Oviedo la journ\u00e9e d\u2019apr\u00e8s reste incertaine. En revanche, Dani Carvajal pourrait \u00eatre de retour pour l\u2019ultime journ\u00e9e de Liga contre l\u2019Athletic Bilbao. Pour ce faire, il faudrait que sa r\u00e9cup\u00e9ration se passe bien. Rapporte le site les-transferts.com.<\/p>\n","protected":false},"excerpt":{"rendered":"<p>Coup dur pour le Real Madrid. Le club a annonc\u00e9 samedi la blessure de son d\u00e9fenseur Dani Carvajal, \u00e0 quelques jours du Clasico. Mauvaise nouvelle pour Alvaro Arbeloa avant le rendez-vous contre le FC Barcelone. L\u2019entra\u00eeneur du Real Madrid pourrait \u00eatre priv\u00e9 de l\u2019un de ses briscards en d\u00e9fense. Le lat\u00e9ral droit espagnol Dani Carvajal &hellip;<\/p>\n","protected":false},"author":3,"featured_media":152153,"comment_status":"closed","ping_status":"closed","sticky":false,"template":"","format":"standard","meta":{"footnotes":""},"categories":[128],"tags":[],"class_list":["post-152130","post","type-post","status-publish","format-standard","has-post-thumbnail","hentry","category-football-etranger"],"_links":{"self":[{"href":"https:\/\/planetesport.dz\/index.php?rest_route=\/wp\/v2\/posts\/152130","targetHints":{"allow":["GET"]}}],"collection":[{"href":"https:\/\/planetesport.dz\/index.php?rest_route=\/wp\/v2\/posts"}],"about":[{"href":"https:\/\/planetesport.dz\/index.php?rest_route=\/wp\/v2\/types\/post"}],"author":[{"embeddable":true,"href":"https:\/\/planetesport.dz\/index.php?rest_route=\/wp\/v2\/users\/3"}],"replies":[{"embeddable":true,"href":"https:\/\/planetesport.dz\/index.php?rest_route=%2Fwp%2Fv2%2Fcomments&post=152130"}],"version-history":[{"count":1,"href":"https:\/\/planetesport.dz\/index.php?rest_route=\/wp\/v2\/posts\/152130\/revisions"}],"predecessor-version":[{"id":152201,"href":"https:\/\/planetesport.dz\/index.php?rest_route=\/wp\/v2\/posts\/152130\/revisions\/152201"}],"wp:featuredmedia":[{"embeddable":true,"href":"https:\/\/planetesport.dz\/index.php?rest_route=\/wp\/v2\/media\/152153"}],"wp:attachment":[{"href":"https:\/\/planetesport.dz\/index.php?rest_route=%2Fwp%2Fv2%2Fmedia&parent=152130"}],"wp:term":[{"taxonomy":"category","embeddable":true,"href":"https:\/\/planetesport.dz\/index.php?rest_route=%2Fwp%2Fv2%2Fcategories&post=152130"},{"taxonomy":"post_tag","embeddable":true,"href":"https:\/\/planetesport.dz\/index.php?rest_route=%2Fwp%2Fv2%2Ftags&post=152130"}],"curies":[{"name":"wp","href":"https:\/\/api.w.org\/{rel}","templated":true}]}}