{"id":152129,"date":"2026-05-03T06:02:00","date_gmt":"2026-05-03T06:02:00","guid":{"rendered":"https:\/\/planetesport.dz\/?p=152129"},"modified":"2026-05-03T06:02:00","modified_gmt":"2026-05-03T06:02:00","slug":"mastil-rassure-les-verts-retrouvent-lespoir-dans-les-cages","status":"publish","type":"post","link":"https:\/\/planetesport.dz\/?p=152129","title":{"rendered":"Mastil rassure, les Verts retrouvent l\u2019espoir dans les cages"},"content":{"rendered":"<p><strong>La s\u00e9lection nationale re\u00e7oit des nouvelles encourageantes concernant l\u2019\u00e9tat de sant\u00e9 du gardien Melvin Mastil, dont les chances de participation \u00e0 la Coupe du monde 2026 semblent se renforcer apr\u00e8s une p\u00e9riode d\u2019incertitude li\u00e9e \u00e0 sa blessure.<\/strong><\/p>\n<p>En se basant sur des informations du club suisse le Stade Nyonnais, le portier r\u00e9cup\u00e8re dans de bonnes conditions apr\u00e8s son op\u00e9ration de l\u2019hernie. Il a d\u2019ores et d\u00e9j\u00e0 entam\u00e9 une reprise progressive \u00e0 travers un programme individualis\u00e9. Pour rappel, Mastil avait honor\u00e9 sa premi\u00e8re s\u00e9lection avec l\u2019Alg\u00e9rie lors du stage de mars, en \u00e9tant titularis\u00e9 face au Guatemala en match amical, avant d\u2019\u00eatre frein\u00e9 par cette blessure survenue en avril. Cette \u00e9volution positive intervient dans un contexte d\u00e9licat pour le poste de gardien, fortement impact\u00e9 par les blessures. Anthony Mandr\u00e9a, op\u00e9r\u00e9 de l\u2019\u00e9paule, est indisponible, tandis que Luca Zidane a souffert d\u2019une fracture \u00e0 la m\u00e2choire n\u00e9cessitant \u00e9galement une intervention.<\/p>\n<p>Malgr\u00e9 cela, certaines sources \u00e9voquent un retour envisageable de Zidane avant le Mondial, ce qui pourrait offrir une solution suppl\u00e9mentaire au s\u00e9lectionneur Vladimir Petkovi\u0107. Face \u00e0 cette situation, le staff technique explore toutes les pistes, y compris celle d\u2019un retour d\u2019exp\u00e9rience avec Oussama Benbot, rest\u00e9 ouvert \u00e0 une convocation en vue du rendez-vous mondial. Dans ce contexte, la hi\u00e9rarchie des gardiens reste en pleine \u00e9volution, \u00e0 quelques mois d\u2019un tournoi o\u00f9 chaque d\u00e9tail comptera.<\/p>\n<p style=\"text-align: right\">\n<strong>Djamel ABED<\/strong><\/p>\n","protected":false},"excerpt":{"rendered":"<p>La s\u00e9lection nationale re\u00e7oit des nouvelles encourageantes concernant l\u2019\u00e9tat de sant\u00e9 du gardien Melvin Mastil, dont les chances de participation \u00e0 la Coupe du monde 2026 semblent se renforcer apr\u00e8s une p\u00e9riode d\u2019incertitude li\u00e9e \u00e0 sa blessure. En se basant sur des informations du club suisse le Stade Nyonnais, le portier r\u00e9cup\u00e8re dans de bonnes &hellip;<\/p>\n","protected":false},"author":3,"featured_media":152151,"comment_status":"closed","ping_status":"closed","sticky":false,"template":"","format":"standard","meta":{"footnotes":""},"categories":[169,127],"tags":[],"class_list":["post-152129","post","type-post","status-publish","format-standard","has-post-thumbnail","hentry","category-equipe-nationale-football","category-football-algerien"],"_links":{"self":[{"href":"https:\/\/planetesport.dz\/index.php?rest_route=\/wp\/v2\/posts\/152129","targetHints":{"allow":["GET"]}}],"collection":[{"href":"https:\/\/planetesport.dz\/index.php?rest_route=\/wp\/v2\/posts"}],"about":[{"href":"https:\/\/planetesport.dz\/index.php?rest_route=\/wp\/v2\/types\/post"}],"author":[{"embeddable":true,"href":"https:\/\/planetesport.dz\/index.php?rest_route=\/wp\/v2\/users\/3"}],"replies":[{"embeddable":true,"href":"https:\/\/planetesport.dz\/index.php?rest_route=%2Fwp%2Fv2%2Fcomments&post=152129"}],"version-history":[{"count":1,"href":"https:\/\/planetesport.dz\/index.php?rest_route=\/wp\/v2\/posts\/152129\/revisions"}],"predecessor-version":[{"id":152200,"href":"https:\/\/planetesport.dz\/index.php?rest_route=\/wp\/v2\/posts\/152129\/revisions\/152200"}],"wp:featuredmedia":[{"embeddable":true,"href":"https:\/\/planetesport.dz\/index.php?rest_route=\/wp\/v2\/media\/152151"}],"wp:attachment":[{"href":"https:\/\/planetesport.dz\/index.php?rest_route=%2Fwp%2Fv2%2Fmedia&parent=152129"}],"wp:term":[{"taxonomy":"category","embeddable":true,"href":"https:\/\/planetesport.dz\/index.php?rest_route=%2Fwp%2Fv2%2Fcategories&post=152129"},{"taxonomy":"post_tag","embeddable":true,"href":"https:\/\/planetesport.dz\/index.php?rest_route=%2Fwp%2Fv2%2Ftags&post=152129"}],"curies":[{"name":"wp","href":"https:\/\/api.w.org\/{rel}","templated":true}]}}