{"id":152084,"date":"2026-05-03T06:01:44","date_gmt":"2026-05-03T06:01:44","guid":{"rendered":"https:\/\/planetesport.dz\/?p=152084"},"modified":"2026-05-03T06:01:44","modified_gmt":"2026-05-03T06:01:44","slug":"operation-a-lepaule-pour-mandrea-longue-indisponibilite-confirmee","status":"publish","type":"post","link":"https:\/\/planetesport.dz\/?p=152084","title":{"rendered":"Op\u00e9ration \u00e0 l\u2019\u00e9paule pour Mandr\u00e9a, longue indisponibilit\u00e9 confirm\u00e9e"},"content":{"rendered":"<p>Le gardien de la s\u00e9lection nationale Anthony Mandr\u00e9a a subi une intervention chirurgicale \u00e0 l\u2019\u00e9paule, apr\u00e8s une rechute qui l\u2019a contraint \u00e0 passer par la case op\u00e9ration pour mettre un terme \u00e0 ses douleurs persistantes. Si l\u2019op\u00e9ration s\u2019est d\u00e9roul\u00e9e avec succ\u00e8s, la dur\u00e9e de son indisponibilit\u00e9 s\u2019annonce relativement longue, actant ainsi la fin pr\u00e9matur\u00e9e de sa saison. Cette blessure compromet s\u00e9rieusement ses chances de participer \u00e0 la Coupe du monde 2026, un objectif pour le portier alg\u00e9rien qui esp\u00e9rait prendre part \u00e0 ce rendez-vous plan\u00e9taire. Mandr\u00e9a entamera d\u00e9sormais un protocole de r\u00e9\u00e9ducation sp\u00e9cifique, avec pour priorit\u00e9 un retour progressif \u00e0 la comp\u00e9tition, tout en \u00e9vitant toute rechute. Malgr\u00e9 ce coup d\u2019arr\u00eat, le joueur conserve un \u00e9tat d\u2019esprit positif et reste d\u00e9termin\u00e9 \u00e0 revenir au plus haut niveau d\u00e8s que possible.<\/p>\n<p style=\"text-align: right\">\n<strong>Djamel ABED<\/strong><\/p>\n","protected":false},"excerpt":{"rendered":"<p>Le gardien de la s\u00e9lection nationale Anthony Mandr\u00e9a a subi une intervention chirurgicale \u00e0 l\u2019\u00e9paule, apr\u00e8s une rechute qui l\u2019a contraint \u00e0 passer par la case op\u00e9ration pour mettre un terme \u00e0 ses douleurs persistantes. Si l\u2019op\u00e9ration s\u2019est d\u00e9roul\u00e9e avec succ\u00e8s, la dur\u00e9e de son indisponibilit\u00e9 s\u2019annonce relativement longue, actant ainsi la fin pr\u00e9matur\u00e9e de &hellip;<\/p>\n","protected":false},"author":3,"featured_media":152125,"comment_status":"closed","ping_status":"closed","sticky":false,"template":"","format":"standard","meta":{"footnotes":""},"categories":[128],"tags":[],"class_list":["post-152084","post","type-post","status-publish","format-standard","has-post-thumbnail","hentry","category-football-etranger"],"_links":{"self":[{"href":"https:\/\/planetesport.dz\/index.php?rest_route=\/wp\/v2\/posts\/152084","targetHints":{"allow":["GET"]}}],"collection":[{"href":"https:\/\/planetesport.dz\/index.php?rest_route=\/wp\/v2\/posts"}],"about":[{"href":"https:\/\/planetesport.dz\/index.php?rest_route=\/wp\/v2\/types\/post"}],"author":[{"embeddable":true,"href":"https:\/\/planetesport.dz\/index.php?rest_route=\/wp\/v2\/users\/3"}],"replies":[{"embeddable":true,"href":"https:\/\/planetesport.dz\/index.php?rest_route=%2Fwp%2Fv2%2Fcomments&post=152084"}],"version-history":[{"count":1,"href":"https:\/\/planetesport.dz\/index.php?rest_route=\/wp\/v2\/posts\/152084\/revisions"}],"predecessor-version":[{"id":152198,"href":"https:\/\/planetesport.dz\/index.php?rest_route=\/wp\/v2\/posts\/152084\/revisions\/152198"}],"wp:featuredmedia":[{"embeddable":true,"href":"https:\/\/planetesport.dz\/index.php?rest_route=\/wp\/v2\/media\/152125"}],"wp:attachment":[{"href":"https:\/\/planetesport.dz\/index.php?rest_route=%2Fwp%2Fv2%2Fmedia&parent=152084"}],"wp:term":[{"taxonomy":"category","embeddable":true,"href":"https:\/\/planetesport.dz\/index.php?rest_route=%2Fwp%2Fv2%2Fcategories&post=152084"},{"taxonomy":"post_tag","embeddable":true,"href":"https:\/\/planetesport.dz\/index.php?rest_route=%2Fwp%2Fv2%2Ftags&post=152084"}],"curies":[{"name":"wp","href":"https:\/\/api.w.org\/{rel}","templated":true}]}}