{"id":152081,"date":"2026-05-03T06:01:16","date_gmt":"2026-05-03T06:01:16","guid":{"rendered":"https:\/\/planetesport.dz\/?p=152081"},"modified":"2026-05-03T06:01:16","modified_gmt":"2026-05-03T06:01:16","slug":"les-usmistes-veulent-profiter-de-la-meforme-du-zamalek","status":"publish","type":"post","link":"https:\/\/planetesport.dz\/?p=152081","title":{"rendered":"Les Usmistes veulent profiter de la m\u00e9forme du Zamalek"},"content":{"rendered":"<p><strong>\u00c0 quelques jours de la finale aller de la Coupe de la CAF, le Zamalek traverse une zone de turbulences. Le club cairote s\u2019est en effet lourdement inclin\u00e9 vendredi soir en championnat face \u00e0 son \u00e9ternel rival, Al-Ahly, sur le score sans appel de trois buts \u00e0 z\u00e9ro.\u00a0<\/strong><\/p>\n<p>Une d\u00e9faite qui fait tache pour une \u00e9quipe en qu\u00eate de confiance et qui lui co\u00fbte, par la m\u00eame occasion, la premi\u00e8re place au classement. Sur la pelouse, les joueurs du Zamalek n\u2019ont jamais sembl\u00e9 en mesure de rivaliser avec l\u2019intensit\u00e9 et la ma\u00eetrise de leur adversaire. Domin\u00e9s dans tous les compartiments du jeu, ils ont subi sans v\u00e9ritable r\u00e9action, laissant appara\u00eetre des failles inqui\u00e9tantes \u00e0 l\u2019approche d\u2019un rendez-vous continental d\u00e9cisif. Ce revers pourrait toutefois faire les affaires des repr\u00e9sentants alg\u00e9riens. En effet, cette lourde d\u00e9faite met une pression suppl\u00e9mentaire sur les partenaires d\u2019Omar Gaber, d\u00e9sormais attendus au tournant avant leur d\u00e9placement \u00e0 Alger.<\/p>\n<p>Ils y affronteront, samedi, les Rouge et Noir au stade du 5-Juillet dans le cadre de la finale aller de la Coupe de la CAF. Du c\u00f4t\u00e9 alg\u00e9rien, cette confrontation entre g\u00e9ants du football \u00e9gyptien n\u2019est pas pass\u00e9e inaper\u00e7ue. L\u2019entra\u00eeneur Lamine N\u2019Diaye, accompagn\u00e9 de son staff, a suivi la rencontre avec une grande attention. Les enseignements tir\u00e9s de ce match devraient \u00eatre pr\u00e9cieux dans la pr\u00e9paration de cette double confrontation. Des s\u00e9ances de visionnage vid\u00e9o sont d\u2019ores et d\u00e9j\u00e0 pr\u00e9vues dans les prochains jours afin d\u2019analyser en d\u00e9tail les lacunes affich\u00e9es par le Zamalek, mais aussi pour anticiper les ajustements que les \u00c9gyptiens pourraient op\u00e9rer. Entre pression psychologique et imp\u00e9ratif de r\u00e9action, le Zamalek abordera cette finale dans un contexte d\u00e9licat, qui pourrait bien peser dans la balance.<\/p>\n<p style=\"text-align: right\">\n<strong>Nassim A.<\/strong><\/p>\n","protected":false},"excerpt":{"rendered":"<p>\u00c0 quelques jours de la finale aller de la Coupe de la CAF, le Zamalek traverse une zone de turbulences. Le club cairote s\u2019est en effet lourdement inclin\u00e9 vendredi soir en championnat face \u00e0 son \u00e9ternel rival, Al-Ahly, sur le score sans appel de trois buts \u00e0 z\u00e9ro.\u00a0 Une d\u00e9faite qui fait tache pour une &hellip;<\/p>\n","protected":false},"author":3,"featured_media":152123,"comment_status":"closed","ping_status":"closed","sticky":false,"template":"","format":"standard","meta":{"footnotes":""},"categories":[127],"tags":[],"class_list":["post-152081","post","type-post","status-publish","format-standard","has-post-thumbnail","hentry","category-football-algerien"],"_links":{"self":[{"href":"https:\/\/planetesport.dz\/index.php?rest_route=\/wp\/v2\/posts\/152081","targetHints":{"allow":["GET"]}}],"collection":[{"href":"https:\/\/planetesport.dz\/index.php?rest_route=\/wp\/v2\/posts"}],"about":[{"href":"https:\/\/planetesport.dz\/index.php?rest_route=\/wp\/v2\/types\/post"}],"author":[{"embeddable":true,"href":"https:\/\/planetesport.dz\/index.php?rest_route=\/wp\/v2\/users\/3"}],"replies":[{"embeddable":true,"href":"https:\/\/planetesport.dz\/index.php?rest_route=%2Fwp%2Fv2%2Fcomments&post=152081"}],"version-history":[{"count":1,"href":"https:\/\/planetesport.dz\/index.php?rest_route=\/wp\/v2\/posts\/152081\/revisions"}],"predecessor-version":[{"id":152193,"href":"https:\/\/planetesport.dz\/index.php?rest_route=\/wp\/v2\/posts\/152081\/revisions\/152193"}],"wp:featuredmedia":[{"embeddable":true,"href":"https:\/\/planetesport.dz\/index.php?rest_route=\/wp\/v2\/media\/152123"}],"wp:attachment":[{"href":"https:\/\/planetesport.dz\/index.php?rest_route=%2Fwp%2Fv2%2Fmedia&parent=152081"}],"wp:term":[{"taxonomy":"category","embeddable":true,"href":"https:\/\/planetesport.dz\/index.php?rest_route=%2Fwp%2Fv2%2Fcategories&post=152081"},{"taxonomy":"post_tag","embeddable":true,"href":"https:\/\/planetesport.dz\/index.php?rest_route=%2Fwp%2Fv2%2Ftags&post=152081"}],"curies":[{"name":"wp","href":"https:\/\/api.w.org\/{rel}","templated":true}]}}