{"id":152070,"date":"2026-05-03T05:58:08","date_gmt":"2026-05-03T05:58:08","guid":{"rendered":"https:\/\/planetesport.dz\/?p=152070"},"modified":"2026-05-03T05:58:08","modified_gmt":"2026-05-03T05:58:08","slug":"benayada-une-baisse-de-regime-qui-inquiete","status":"publish","type":"post","link":"https:\/\/planetesport.dz\/?p=152070","title":{"rendered":"Benayada, une baisse de r\u00e9gime qui inqui\u00e8te"},"content":{"rendered":"<p>Depuis plusieurs semaines, Hocine Benayada traverse une p\u00e9riode bien plus compliqu\u00e9e que d\u2019habitude. Pilier d\u00e9fensif du CR Belouizdad et habitu\u00e9 \u00e0 livrer des prestations solides, le lat\u00e9ral droit affiche une baisse de r\u00e9gime \u00e9vidente qui commence s\u00e9rieusement \u00e0 inqui\u00e9ter au sein du club. Le joueur ne parvient plus \u00e0 donner le m\u00eame rendement sur le terrain. Moins tranchant dans les duels, moins explosif dans ses mont\u00e9es offensives et parfois en difficult\u00e9 dans le repli d\u00e9fensif, Benayada semble loin de son meilleur niveau. Une situation qui ne passe pas inaper\u00e7ue, surtout dans une p\u00e9riode o\u00f9 le CRB joue gros dans la course \u00e0 la deuxi\u00e8me place. Cette baisse physique s\u2019est particuli\u00e8rement ressentie lors de la finale de la Coupe d\u2019Alg\u00e9rie face \u00e0 l\u2019USM Alger. Durant cette rencontre, l\u2019international alg\u00e9rien a sembl\u00e9 \u00e9mouss\u00e9, incapable de r\u00e9p\u00e9ter les efforts comme \u00e0 son habitude. Son manque de fra\u00eecheur \u00e9tait visible, avec plusieurs s\u00e9quences o\u00f9 il a paru en retard dans ses interventions et moins lucide dans ses choix. Benayada semble actuellement cuit sur le plan physique. L\u2019accumulation des matchs et l\u2019encha\u00eenement des rendez-vous importants ont fini par peser lourd sur un joueur qui a \u00e9norm\u00e9ment donn\u00e9 depuis le d\u00e9but de saison.<\/p>\n<p><strong>Une concurrence inexistante<\/strong><br \/>\nL\u2019un des \u00e9l\u00e9ments qui expliquent cette situation reste l\u2019absence d\u2019un v\u00e9ritable concurrent \u00e0 son poste. Depuis plusieurs mois, Benayada encha\u00eene pratiquement tous les matchs sans r\u00e9elle possibilit\u00e9 de souffler, faute d\u2019alternative convaincante sur le c\u00f4t\u00e9 droit. Cette absence de rotation n\u2019a clairement pas aid\u00e9. \u00c0 force d\u2019\u00eatre sollicit\u00e9 constamment, le d\u00e9fenseur a fini par payer physiquement cette surcharge. Le staff technique n\u2019a souvent pas eu d\u2019autre choix que de le maintenir dans le onze, m\u00eame lorsque certains signes de fatigue \u00e9taient d\u00e9j\u00e0 visibles. Aujourd\u2019hui, le CRB esp\u00e8re rapidement retrouver le vrai Benayada, celui capable d\u2019apporter son exp\u00e9rience, son agressivit\u00e9 positive et son leadership. Car dans le sprint final, le Chabab aura besoin de tous ses cadres \u00e0 leur meilleur niveau.<\/p>\n<p style=\"text-align: right\">\n<strong>Akram B.<\/strong><\/p>\n","protected":false},"excerpt":{"rendered":"<p>Depuis plusieurs semaines, Hocine Benayada traverse une p\u00e9riode bien plus compliqu\u00e9e que d\u2019habitude. Pilier d\u00e9fensif du CR Belouizdad et habitu\u00e9 \u00e0 livrer des prestations solides, le lat\u00e9ral droit affiche une baisse de r\u00e9gime \u00e9vidente qui commence s\u00e9rieusement \u00e0 inqui\u00e9ter au sein du club. Le joueur ne parvient plus \u00e0 donner le m\u00eame rendement sur le &hellip;<\/p>\n","protected":false},"author":3,"featured_media":152114,"comment_status":"closed","ping_status":"closed","sticky":false,"template":"","format":"standard","meta":{"footnotes":""},"categories":[127],"tags":[],"class_list":["post-152070","post","type-post","status-publish","format-standard","has-post-thumbnail","hentry","category-football-algerien"],"_links":{"self":[{"href":"https:\/\/planetesport.dz\/index.php?rest_route=\/wp\/v2\/posts\/152070","targetHints":{"allow":["GET"]}}],"collection":[{"href":"https:\/\/planetesport.dz\/index.php?rest_route=\/wp\/v2\/posts"}],"about":[{"href":"https:\/\/planetesport.dz\/index.php?rest_route=\/wp\/v2\/types\/post"}],"author":[{"embeddable":true,"href":"https:\/\/planetesport.dz\/index.php?rest_route=\/wp\/v2\/users\/3"}],"replies":[{"embeddable":true,"href":"https:\/\/planetesport.dz\/index.php?rest_route=%2Fwp%2Fv2%2Fcomments&post=152070"}],"version-history":[{"count":1,"href":"https:\/\/planetesport.dz\/index.php?rest_route=\/wp\/v2\/posts\/152070\/revisions"}],"predecessor-version":[{"id":152182,"href":"https:\/\/planetesport.dz\/index.php?rest_route=\/wp\/v2\/posts\/152070\/revisions\/152182"}],"wp:featuredmedia":[{"embeddable":true,"href":"https:\/\/planetesport.dz\/index.php?rest_route=\/wp\/v2\/media\/152114"}],"wp:attachment":[{"href":"https:\/\/planetesport.dz\/index.php?rest_route=%2Fwp%2Fv2%2Fmedia&parent=152070"}],"wp:term":[{"taxonomy":"category","embeddable":true,"href":"https:\/\/planetesport.dz\/index.php?rest_route=%2Fwp%2Fv2%2Fcategories&post=152070"},{"taxonomy":"post_tag","embeddable":true,"href":"https:\/\/planetesport.dz\/index.php?rest_route=%2Fwp%2Fv2%2Ftags&post=152070"}],"curies":[{"name":"wp","href":"https:\/\/api.w.org\/{rel}","templated":true}]}}