{"id":152062,"date":"2026-05-03T05:57:13","date_gmt":"2026-05-03T05:57:13","guid":{"rendered":"https:\/\/planetesport.dz\/?p=152062"},"modified":"2026-05-03T05:57:13","modified_gmt":"2026-05-03T05:57:13","slug":"le-mco-sinteresse-a-madani","status":"publish","type":"post","link":"https:\/\/planetesport.dz\/?p=152062","title":{"rendered":"Le MCO s&rsquo;int\u00e9resse\u00a0 \u00e0 Madani"},"content":{"rendered":"<div>D&rsquo;apr\u00e8s une source fiable, le d\u00e9fenseur de la JSK, Amine Madani suscite l&rsquo;int\u00e9r\u00eat du MCO. Le club oranais envisage de s&rsquo;attacher ses services en vue de la prochaine saison sportive. La formation d&rsquo;Oran, qui souhaite renforcer ses rangs cet \u00e9t\u00e9, suit le d\u00e9fenseur kabyle depuis un certain temps d\u00e9j\u00e0. On ignore encore si le joueur est officiellement convoit\u00e9, mais selon notre source, il figure parmi les priorit\u00e9s de l&rsquo;\u00e9quipe oranaise pour la campagne \u00e0 venir. Cependant, le joueur reste li\u00e9 par contrat \u00e0 la JSK pour une saison suppl\u00e9mentaire, soit jusqu&rsquo;en 2027. Rappelons que l&rsquo;ancien pensionnaire du CSC avait paraph\u00e9 un contrat de trois ans avec la formation du Djurdjura en \u00e9t\u00e9 2024. En d&rsquo;autres termes, son destin ne d\u00e9pend pas uniquement de lui et il ne peut signer ailleurs sans lettre de lib\u00e9ration. Ainsi, tout club int\u00e9ress\u00e9 devra d&rsquo;abord entamer des n\u00e9gociations avec la JSK. Il faudra voir si la direction kabyle retiendra son d\u00e9fenseur ou s&rsquo;il sera transf\u00e9r\u00e9 vers une autre \u00e9quipe, ce que l&rsquo;on d\u00e9couvrira \u00e0 la fin de l&rsquo;exercice en cours.<\/div>\n<div><\/div>\n<div style=\"text-align: right\"><strong>M. L.<\/strong><\/div>\n","protected":false},"excerpt":{"rendered":"<p>D&rsquo;apr\u00e8s une source fiable, le d\u00e9fenseur de la JSK, Amine Madani suscite l&rsquo;int\u00e9r\u00eat du MCO. Le club oranais envisage de s&rsquo;attacher ses services en vue de la prochaine saison sportive. La formation d&rsquo;Oran, qui souhaite renforcer ses rangs cet \u00e9t\u00e9, suit le d\u00e9fenseur kabyle depuis un certain temps d\u00e9j\u00e0. On ignore encore si le joueur &hellip;<\/p>\n","protected":false},"author":3,"featured_media":152111,"comment_status":"closed","ping_status":"closed","sticky":false,"template":"","format":"standard","meta":{"footnotes":""},"categories":[127],"tags":[],"class_list":["post-152062","post","type-post","status-publish","format-standard","has-post-thumbnail","hentry","category-football-algerien"],"_links":{"self":[{"href":"https:\/\/planetesport.dz\/index.php?rest_route=\/wp\/v2\/posts\/152062","targetHints":{"allow":["GET"]}}],"collection":[{"href":"https:\/\/planetesport.dz\/index.php?rest_route=\/wp\/v2\/posts"}],"about":[{"href":"https:\/\/planetesport.dz\/index.php?rest_route=\/wp\/v2\/types\/post"}],"author":[{"embeddable":true,"href":"https:\/\/planetesport.dz\/index.php?rest_route=\/wp\/v2\/users\/3"}],"replies":[{"embeddable":true,"href":"https:\/\/planetesport.dz\/index.php?rest_route=%2Fwp%2Fv2%2Fcomments&post=152062"}],"version-history":[{"count":1,"href":"https:\/\/planetesport.dz\/index.php?rest_route=\/wp\/v2\/posts\/152062\/revisions"}],"predecessor-version":[{"id":152174,"href":"https:\/\/planetesport.dz\/index.php?rest_route=\/wp\/v2\/posts\/152062\/revisions\/152174"}],"wp:featuredmedia":[{"embeddable":true,"href":"https:\/\/planetesport.dz\/index.php?rest_route=\/wp\/v2\/media\/152111"}],"wp:attachment":[{"href":"https:\/\/planetesport.dz\/index.php?rest_route=%2Fwp%2Fv2%2Fmedia&parent=152062"}],"wp:term":[{"taxonomy":"category","embeddable":true,"href":"https:\/\/planetesport.dz\/index.php?rest_route=%2Fwp%2Fv2%2Fcategories&post=152062"},{"taxonomy":"post_tag","embeddable":true,"href":"https:\/\/planetesport.dz\/index.php?rest_route=%2Fwp%2Fv2%2Ftags&post=152062"}],"curies":[{"name":"wp","href":"https:\/\/api.w.org\/{rel}","templated":true}]}}