{"id":152054,"date":"2026-05-03T05:55:16","date_gmt":"2026-05-03T05:55:16","guid":{"rendered":"https:\/\/planetesport.dz\/?p=152054"},"modified":"2026-05-03T05:55:16","modified_gmt":"2026-05-03T05:55:16","slug":"alex-zanardi-seteint-a-59-ans-lultime-combat-dun-champion-hors-norme","status":"publish","type":"post","link":"https:\/\/planetesport.dz\/?p=152054","title":{"rendered":"Alex Zanardi s\u2019\u00e9teint \u00e0 59 ans, l\u2019ultime combat d\u2019un champion hors norme"},"content":{"rendered":"<p>Le sport automobile mondial est en deuil. Alex Zanardi s\u2019est \u00e9teint \u00e0 l\u2019\u00e2ge de 59 ans, laissant derri\u00e8re lui l\u2019image d\u2019un homme qui n\u2019a jamais cess\u00e9 de d\u00e9fier le destin. L\u2019annonce de sa disparition a \u00e9t\u00e9 faite par l\u2019association Obiettivo 3, \u00e9voquant un d\u00e9part paisible, entour\u00e9 de ses proches. Figure embl\u00e9matique du sport italien, Zanardi aura marqu\u00e9 bien au-del\u00e0 des circuits. Double champion de la s\u00e9rie am\u00e9ricaine CART en 1997 et 1998 avec Chip Ganassi Racing, il avait conquis l\u2019Am\u00e9rique par son talent, son audace et son charisme. Son passage en Formule 1, chez Jordan, Minardi, Lotus et Williams, restera plus discret, avec un seul point inscrit. Mais c\u2019est surtout par sa r\u00e9silience qu\u2019il est entr\u00e9 dans la l\u00e9gende. Victime du terrible accident du German 500, o\u00f9 il perdit ses deux jambes, Zanardi transforma l\u2019\u00e9preuve en renaissance. Revenu \u00e0 la comp\u00e9tition sur des voitures adapt\u00e9es, il s\u2019illustra ensuite en handbike, d\u00e9crochant huit m\u00e9dailles d\u2019or paralympiques entre Jeux paralympiques de Londres 2012 et Jeux paralympiques de Rio 2016, ainsi que douze titres mondiaux. Une vie de combat, de courage et d\u2019inspiration qui restera grav\u00e9e dans l\u2019histoire du sport.<\/p>\n<p style=\"text-align: right\"><strong>Djaffar KHODJA<\/strong><\/p>\n","protected":false},"excerpt":{"rendered":"<p>Le sport automobile mondial est en deuil. Alex Zanardi s\u2019est \u00e9teint \u00e0 l\u2019\u00e2ge de 59 ans, laissant derri\u00e8re lui l\u2019image d\u2019un homme qui n\u2019a jamais cess\u00e9 de d\u00e9fier le destin. L\u2019annonce de sa disparition a \u00e9t\u00e9 faite par l\u2019association Obiettivo 3, \u00e9voquant un d\u00e9part paisible, entour\u00e9 de ses proches. Figure embl\u00e9matique du sport italien, Zanardi &hellip;<\/p>\n","protected":false},"author":3,"featured_media":152105,"comment_status":"closed","ping_status":"closed","sticky":false,"template":"","format":"standard","meta":{"footnotes":""},"categories":[157],"tags":[],"class_list":["post-152054","post","type-post","status-publish","format-standard","has-post-thumbnail","hentry","category-motosports"],"_links":{"self":[{"href":"https:\/\/planetesport.dz\/index.php?rest_route=\/wp\/v2\/posts\/152054","targetHints":{"allow":["GET"]}}],"collection":[{"href":"https:\/\/planetesport.dz\/index.php?rest_route=\/wp\/v2\/posts"}],"about":[{"href":"https:\/\/planetesport.dz\/index.php?rest_route=\/wp\/v2\/types\/post"}],"author":[{"embeddable":true,"href":"https:\/\/planetesport.dz\/index.php?rest_route=\/wp\/v2\/users\/3"}],"replies":[{"embeddable":true,"href":"https:\/\/planetesport.dz\/index.php?rest_route=%2Fwp%2Fv2%2Fcomments&post=152054"}],"version-history":[{"count":1,"href":"https:\/\/planetesport.dz\/index.php?rest_route=\/wp\/v2\/posts\/152054\/revisions"}],"predecessor-version":[{"id":152166,"href":"https:\/\/planetesport.dz\/index.php?rest_route=\/wp\/v2\/posts\/152054\/revisions\/152166"}],"wp:featuredmedia":[{"embeddable":true,"href":"https:\/\/planetesport.dz\/index.php?rest_route=\/wp\/v2\/media\/152105"}],"wp:attachment":[{"href":"https:\/\/planetesport.dz\/index.php?rest_route=%2Fwp%2Fv2%2Fmedia&parent=152054"}],"wp:term":[{"taxonomy":"category","embeddable":true,"href":"https:\/\/planetesport.dz\/index.php?rest_route=%2Fwp%2Fv2%2Fcategories&post=152054"},{"taxonomy":"post_tag","embeddable":true,"href":"https:\/\/planetesport.dz\/index.php?rest_route=%2Fwp%2Fv2%2Ftags&post=152054"}],"curies":[{"name":"wp","href":"https:\/\/api.w.org\/{rel}","templated":true}]}}