{"id":151986,"date":"2026-05-02T07:01:20","date_gmt":"2026-05-02T07:01:20","guid":{"rendered":"https:\/\/planetesport.dz\/?p=151986"},"modified":"2026-05-02T07:01:20","modified_gmt":"2026-05-02T07:01:20","slug":"atal-entre-prudence-et-espoir-pour-son-retour","status":"publish","type":"post","link":"https:\/\/planetesport.dz\/?p=151986","title":{"rendered":"Atal entre prudence et espoir pour son retour"},"content":{"rendered":"<p>Youcef Atal entrevoit enfin le bout du tunnel. \u00c9loign\u00e9 des terrains depuis plusieurs mois en raison d\u2019une blessure s\u00e9rieuse, l\u2019international alg\u00e9rien se montre confiant quant \u00e0 un retour progressif \u00e0 la comp\u00e9tition. En marge du sacre de son club, Al Sadd SC, en Qatar Stars League, le lat\u00e9ral droit a donn\u00e9 de ses nouvelles : \u00ab Je vais beaucoup mieux. Je n\u2019ai pas encore de date pr\u00e9cise pour mon retour, mais je poursuis mon travail de r\u00e9\u00e9ducation \u00bb.<\/p>\n<p>Victime d\u2019une blessure complexe \u00e0 la cheville en janvier dernier, suivie d\u2019une intervention chirurgicale apr\u00e8s une rupture du tendon d\u2019Achille contract\u00e9e face \u00e0 Shabab Al Ahli, le joueur a vu sa saison prendre fin pr\u00e9matur\u00e9ment. Cette indisponibilit\u00e9 de longue dur\u00e9e compromet \u00e9galement ses chances de participer \u00e0 la Coupe du monde 2026, un coup dur suppl\u00e9mentaire dans une carri\u00e8re d\u00e9j\u00e0 marqu\u00e9e par de nombreuses blessures. Pass\u00e9 notamment par l\u2019OGC Nice et Adana Demirspor, Atal a accumul\u00e9 plus de vingt p\u00e9pins physiques au fil des ann\u00e9es, totalisant pr\u00e8s de 900 jours d\u2019absence et plus de 140 matchs manqu\u00e9s. Malgr\u00e9 ce parcours contrari\u00e9, le d\u00e9fenseur alg\u00e9rien garde l\u2019ambition de retrouver son meilleur niveau d\u00e8s la saison prochaine, avec l\u2019objectif de relancer sa carri\u00e8re au plus haut niveau.<\/p>\n<p style=\"text-align: right\"><strong>Djamel ABED<\/strong><\/p>\n","protected":false},"excerpt":{"rendered":"<p>Youcef Atal entrevoit enfin le bout du tunnel. \u00c9loign\u00e9 des terrains depuis plusieurs mois en raison d\u2019une blessure s\u00e9rieuse, l\u2019international alg\u00e9rien se montre confiant quant \u00e0 un retour progressif \u00e0 la comp\u00e9tition. En marge du sacre de son club, Al Sadd SC, en Qatar Stars League, le lat\u00e9ral droit a donn\u00e9 de ses nouvelles : &hellip;<\/p>\n","protected":false},"author":3,"featured_media":92514,"comment_status":"closed","ping_status":"closed","sticky":false,"template":"","format":"standard","meta":{"footnotes":""},"categories":[128],"tags":[],"class_list":["post-151986","post","type-post","status-publish","format-standard","has-post-thumbnail","hentry","category-football-etranger"],"_links":{"self":[{"href":"https:\/\/planetesport.dz\/index.php?rest_route=\/wp\/v2\/posts\/151986","targetHints":{"allow":["GET"]}}],"collection":[{"href":"https:\/\/planetesport.dz\/index.php?rest_route=\/wp\/v2\/posts"}],"about":[{"href":"https:\/\/planetesport.dz\/index.php?rest_route=\/wp\/v2\/types\/post"}],"author":[{"embeddable":true,"href":"https:\/\/planetesport.dz\/index.php?rest_route=\/wp\/v2\/users\/3"}],"replies":[{"embeddable":true,"href":"https:\/\/planetesport.dz\/index.php?rest_route=%2Fwp%2Fv2%2Fcomments&post=151986"}],"version-history":[{"count":1,"href":"https:\/\/planetesport.dz\/index.php?rest_route=\/wp\/v2\/posts\/151986\/revisions"}],"predecessor-version":[{"id":152035,"href":"https:\/\/planetesport.dz\/index.php?rest_route=\/wp\/v2\/posts\/151986\/revisions\/152035"}],"wp:featuredmedia":[{"embeddable":true,"href":"https:\/\/planetesport.dz\/index.php?rest_route=\/wp\/v2\/media\/92514"}],"wp:attachment":[{"href":"https:\/\/planetesport.dz\/index.php?rest_route=%2Fwp%2Fv2%2Fmedia&parent=151986"}],"wp:term":[{"taxonomy":"category","embeddable":true,"href":"https:\/\/planetesport.dz\/index.php?rest_route=%2Fwp%2Fv2%2Fcategories&post=151986"},{"taxonomy":"post_tag","embeddable":true,"href":"https:\/\/planetesport.dz\/index.php?rest_route=%2Fwp%2Fv2%2Ftags&post=151986"}],"curies":[{"name":"wp","href":"https:\/\/api.w.org\/{rel}","templated":true}]}}