{"id":151985,"date":"2026-05-02T07:01:09","date_gmt":"2026-05-02T07:01:09","guid":{"rendered":"https:\/\/planetesport.dz\/?p=151985"},"modified":"2026-05-02T07:01:09","modified_gmt":"2026-05-02T07:01:09","slug":"ouverture-de-la-billetterie-pour-le-match-amical-face-aux-pays-bas","status":"publish","type":"post","link":"https:\/\/planetesport.dz\/?p=151985","title":{"rendered":"Ouverture de la billetterie pour le match amical face aux Pays-Bas"},"content":{"rendered":"<p>La vente des billets pour la rencontre amicale opposant la s\u00e9lection nationale \u00e0 son homologue n\u00e9erlandaise a \u00e9t\u00e9 lanc\u00e9e ce jeudi matin. Dans un communiqu\u00e9 publi\u00e9 sur ses r\u00e9seaux sociaux, la F\u00e9d\u00e9ration alg\u00e9rienne de football a officialis\u00e9 l\u2019ouverture de la billetterie, pr\u00e9cisant que l\u2019op\u00e9ration s\u2019effectue exclusivement via une plateforme \u00e9lectronique d\u00e9di\u00e9e. Cette rencontre de pr\u00e9paration en vue de la Coupe du monde 2026 est programm\u00e9e pour le 3 juin prochain au Stadion Feijenoord, \u00e0 Rotterdam. Un rendez-vous important pour les Verts, qui poursuivent leur mont\u00e9e en r\u00e9gime \u00e0 l\u2019approche du grand rendez-vous mondial.<\/p>\n<p style=\"text-align: right\">\n<strong>Djamel ABED<\/strong><\/p>\n","protected":false},"excerpt":{"rendered":"<p>La vente des billets pour la rencontre amicale opposant la s\u00e9lection nationale \u00e0 son homologue n\u00e9erlandaise a \u00e9t\u00e9 lanc\u00e9e ce jeudi matin. Dans un communiqu\u00e9 publi\u00e9 sur ses r\u00e9seaux sociaux, la F\u00e9d\u00e9ration alg\u00e9rienne de football a officialis\u00e9 l\u2019ouverture de la billetterie, pr\u00e9cisant que l\u2019op\u00e9ration s\u2019effectue exclusivement via une plateforme \u00e9lectronique d\u00e9di\u00e9e. Cette rencontre de pr\u00e9paration &hellip;<\/p>\n","protected":false},"author":3,"featured_media":151991,"comment_status":"closed","ping_status":"closed","sticky":false,"template":"","format":"standard","meta":{"footnotes":""},"categories":[169,127],"tags":[],"class_list":["post-151985","post","type-post","status-publish","format-standard","has-post-thumbnail","hentry","category-equipe-nationale-football","category-football-algerien"],"_links":{"self":[{"href":"https:\/\/planetesport.dz\/index.php?rest_route=\/wp\/v2\/posts\/151985","targetHints":{"allow":["GET"]}}],"collection":[{"href":"https:\/\/planetesport.dz\/index.php?rest_route=\/wp\/v2\/posts"}],"about":[{"href":"https:\/\/planetesport.dz\/index.php?rest_route=\/wp\/v2\/types\/post"}],"author":[{"embeddable":true,"href":"https:\/\/planetesport.dz\/index.php?rest_route=\/wp\/v2\/users\/3"}],"replies":[{"embeddable":true,"href":"https:\/\/planetesport.dz\/index.php?rest_route=%2Fwp%2Fv2%2Fcomments&post=151985"}],"version-history":[{"count":1,"href":"https:\/\/planetesport.dz\/index.php?rest_route=\/wp\/v2\/posts\/151985\/revisions"}],"predecessor-version":[{"id":152034,"href":"https:\/\/planetesport.dz\/index.php?rest_route=\/wp\/v2\/posts\/151985\/revisions\/152034"}],"wp:featuredmedia":[{"embeddable":true,"href":"https:\/\/planetesport.dz\/index.php?rest_route=\/wp\/v2\/media\/151991"}],"wp:attachment":[{"href":"https:\/\/planetesport.dz\/index.php?rest_route=%2Fwp%2Fv2%2Fmedia&parent=151985"}],"wp:term":[{"taxonomy":"category","embeddable":true,"href":"https:\/\/planetesport.dz\/index.php?rest_route=%2Fwp%2Fv2%2Fcategories&post=151985"},{"taxonomy":"post_tag","embeddable":true,"href":"https:\/\/planetesport.dz\/index.php?rest_route=%2Fwp%2Fv2%2Ftags&post=151985"}],"curies":[{"name":"wp","href":"https:\/\/api.w.org\/{rel}","templated":true}]}}