{"id":151973,"date":"2026-05-02T07:03:45","date_gmt":"2026-05-02T07:03:45","guid":{"rendered":"https:\/\/planetesport.dz\/?p=151973"},"modified":"2026-05-02T07:03:45","modified_gmt":"2026-05-02T07:03:45","slug":"les-bilans-moral-et-financier-adoptes-10","status":"publish","type":"post","link":"https:\/\/planetesport.dz\/?p=151973","title":{"rendered":"Les bilans moral et financier adopt\u00e9s"},"content":{"rendered":"<p>La F\u00e9d\u00e9ration alg\u00e9rienne de handball a tenu, jeudi dernier \u00e0 Alger, son Assembl\u00e9e g\u00e9n\u00e9rale ordinaire dans une atmosph\u00e8re marqu\u00e9e par des \u00e9changes soutenus entre les membres pr\u00e9sents. R\u00e9unis \u00e0 la salle de conf\u00e9rences du complexe olympique Mohamed-Boudiaf, les repr\u00e9sentants de l\u2019assembl\u00e9e ont finalement valid\u00e9 les bilans moral et financier de l\u2019exercice \u00e9coul\u00e9. Cette r\u00e9union, attendue dans le calendrier administratif de l\u2019instance, a permis de faire le point sur la gestion de la F\u00e9d\u00e9ration durant l\u2019ann\u00e9e 2025, tout en ouvrant la voie aux prochaines \u00e9ch\u00e9ances sportives et organisationnelles.<\/p>\n<p><strong>Le bilan moral approuv\u00e9 \u00e0 la majorit\u00e9<\/strong><br \/>\nPremier point important inscrit \u00e0 l\u2019ordre du jour, le bilan moral a \u00e9t\u00e9 soumis au vote des membres de l\u2019assembl\u00e9e g\u00e9n\u00e9rale. Apr\u00e8s pr\u00e9sentation et discussions, ce document a \u00e9t\u00e9 adopt\u00e9 \u00e0 la majorit\u00e9, avec 40 voix favorables contre 24 oppositions, tandis qu\u2019un bulletin a \u00e9t\u00e9 annul\u00e9. Ce vote traduit un soutien majoritaire \u00e0 la gestion globale men\u00e9e sur le plan administratif et organisationnel, m\u00eame si le nombre de voix contre d\u00e9montre l\u2019existence de r\u00e9serves et de critiques exprim\u00e9es par une partie des membres pr\u00e9sents. Le d\u00e9bat autour du bilan moral a notamment permis d\u2019aborder plusieurs dossiers li\u00e9s au fonctionnement de la discipline, \u00e0 l\u2019organisation des comp\u00e9titions nationales ainsi qu\u2019aux orientations futures de la F\u00e9d\u00e9ration.<\/p>\n<p><strong>Feu vert \u00e9galement pour le bilan financier<\/strong><br \/>\nLe second vote concernait le bilan financier, particuli\u00e8rement attendu au regard du contexte de restructuration que traverse la discipline. L\u00e0 encore, les membres de l\u2019assembl\u00e9e ont accord\u00e9 leur confiance \u00e0 la direction f\u00e9d\u00e9rale. Le document financier a \u00e9t\u00e9 adopt\u00e9 avec 42 voix pour, 22 contre et une voix annul\u00e9e. Ce r\u00e9sultat repr\u00e9sente une approbation de la gestion comptable et financi\u00e8re durant la p\u00e9riode concern\u00e9e. L\u2019adoption de ce bilan permet \u00e0 la F\u00e9d\u00e9ration de poursuivre ses projets avec une base r\u00e9glementaire consolid\u00e9e, tout en pr\u00e9parant les prochaines actions li\u00e9es au d\u00e9veloppement du handball national.<\/p>\n<p><strong>Une r\u00e9union conforme aux directives minist\u00e9rielles<\/strong><br \/>\nLa tenue de cette assembl\u00e9e g\u00e9n\u00e9rale ordinaire intervient dans le cadre du respect de la note m\u00e9thodologique du minist\u00e8re des Sports, qui avait fix\u00e9 au 30 avril 2026 la date limite pour l\u2019organisation des AGO des diff\u00e9rentes f\u00e9d\u00e9rations sportives nationales. La FAHB s\u2019est ainsi conform\u00e9e aux d\u00e9lais impos\u00e9s, en inscrivant cette r\u00e9union \u00e0 son agenda institutionnel avant l\u2019\u00e9ch\u00e9ance r\u00e9glementaire. Cet aspect administratif demeure essentiel pour garantir la conformit\u00e9 juridique des instances sportives et assurer la continuit\u00e9 de leur fonctionnement.<\/p>\n<p><strong>Deux p\u00e9riodes comptables examin\u00e9es<\/strong><br \/>\nLa convocation de cette assembl\u00e9e a \u00e9galement pris en consid\u00e9ration les d\u00e9lais n\u00e9cessaires \u00e0 l\u2019audit des comptes par le commissaire aux comptes. Les rapports financiers examin\u00e9s couvraient deux p\u00e9riodes distinctes. La premi\u00e8re concernait les mois de janvier \u00e0 mars 2025, relevant de l\u2019ancien bureau f\u00e9d\u00e9ral. La seconde s\u2019\u00e9tendait d\u2019avril \u00e0 d\u00e9cembre 2025, sous la responsabilit\u00e9 du bureau actuel. Cette r\u00e9partition a permis de distinguer les responsabilit\u00e9s de chaque gestion et d\u2019apporter davantage de clart\u00e9 dans l\u2019examen des finances de l\u2019instance.<\/p>\n<p><strong>Cap sur les prochaines \u00e9ch\u00e9ances<\/strong><br \/>\nAvec l\u2019adoption des deux bilans, la F\u00e9d\u00e9ration alg\u00e9rienne de handball tourne d\u00e9sormais la page de l\u2019exercice pr\u00e9c\u00e9dent et peut se concentrer sur les prochains rendez-vous sportifs nationaux et internationaux. Entre comp\u00e9titions locales, pr\u00e9paration des s\u00e9lections nationales et participation \u00e9ventuelle des clubs aux comp\u00e9titions africaines, plusieurs dossiers attendent d\u00e9sormais les responsables f\u00e9d\u00e9raux dans les semaines \u00e0 venir.<\/p>\n<p style=\"text-align: right\">\n<strong>A. A.<\/strong><\/p>\n","protected":false},"excerpt":{"rendered":"<p>La F\u00e9d\u00e9ration alg\u00e9rienne de handball a tenu, jeudi dernier \u00e0 Alger, son Assembl\u00e9e g\u00e9n\u00e9rale ordinaire dans une atmosph\u00e8re marqu\u00e9e par des \u00e9changes soutenus entre les membres pr\u00e9sents. R\u00e9unis \u00e0 la salle de conf\u00e9rences du complexe olympique Mohamed-Boudiaf, les repr\u00e9sentants de l\u2019assembl\u00e9e ont finalement valid\u00e9 les bilans moral et financier de l\u2019exercice \u00e9coul\u00e9. Cette r\u00e9union, attendue &hellip;<\/p>\n","protected":false},"author":3,"featured_media":152000,"comment_status":"closed","ping_status":"closed","sticky":false,"template":"","format":"standard","meta":{"footnotes":""},"categories":[160,129],"tags":[],"class_list":["post-151973","post","type-post","status-publish","format-standard","has-post-thumbnail","hentry","category-handball","category-omnisport"],"_links":{"self":[{"href":"https:\/\/planetesport.dz\/index.php?rest_route=\/wp\/v2\/posts\/151973","targetHints":{"allow":["GET"]}}],"collection":[{"href":"https:\/\/planetesport.dz\/index.php?rest_route=\/wp\/v2\/posts"}],"about":[{"href":"https:\/\/planetesport.dz\/index.php?rest_route=\/wp\/v2\/types\/post"}],"author":[{"embeddable":true,"href":"https:\/\/planetesport.dz\/index.php?rest_route=\/wp\/v2\/users\/3"}],"replies":[{"embeddable":true,"href":"https:\/\/planetesport.dz\/index.php?rest_route=%2Fwp%2Fv2%2Fcomments&post=151973"}],"version-history":[{"count":1,"href":"https:\/\/planetesport.dz\/index.php?rest_route=\/wp\/v2\/posts\/151973\/revisions"}],"predecessor-version":[{"id":152042,"href":"https:\/\/planetesport.dz\/index.php?rest_route=\/wp\/v2\/posts\/151973\/revisions\/152042"}],"wp:featuredmedia":[{"embeddable":true,"href":"https:\/\/planetesport.dz\/index.php?rest_route=\/wp\/v2\/media\/152000"}],"wp:attachment":[{"href":"https:\/\/planetesport.dz\/index.php?rest_route=%2Fwp%2Fv2%2Fmedia&parent=151973"}],"wp:term":[{"taxonomy":"category","embeddable":true,"href":"https:\/\/planetesport.dz\/index.php?rest_route=%2Fwp%2Fv2%2Fcategories&post=151973"},{"taxonomy":"post_tag","embeddable":true,"href":"https:\/\/planetesport.dz\/index.php?rest_route=%2Fwp%2Fv2%2Ftags&post=151973"}],"curies":[{"name":"wp","href":"https:\/\/api.w.org\/{rel}","templated":true}]}}