{"id":151972,"date":"2026-05-02T07:03:42","date_gmt":"2026-05-02T07:03:42","guid":{"rendered":"https:\/\/planetesport.dz\/?p=151972"},"modified":"2026-05-02T07:03:42","modified_gmt":"2026-05-02T07:03:42","slug":"bechar-met-a-lhonneur-la-discipline","status":"publish","type":"post","link":"https:\/\/planetesport.dz\/?p=151972","title":{"rendered":"B\u00e9char met \u00e0 l\u2019honneur la discipline"},"content":{"rendered":"<p>La ville de B\u00e9char a v\u00e9cu, jeudi dernier, au rythme du sport militaire \u00e0 l\u2019occasion d\u2019une journ\u00e9e portes ouvertes organis\u00e9e au complexe sportif de la Zone bleue. Cette initiative a permis au public de d\u00e9couvrir de plus pr\u00e8s l\u2019importance accord\u00e9e \u00e0 la pratique sportive au sein de l\u2019Arm\u00e9e nationale populaire (ANP), ainsi que les r\u00e9sultats enregistr\u00e9s par ses athl\u00e8tes sur les sc\u00e8nes nationale et internationale. Plac\u00e9e sous le signe du rapprochement entre l\u2019institution militaire et les citoyens, cette manifestation a r\u00e9uni un large public, compos\u00e9 notamment de repr\u00e9sentants de la soci\u00e9t\u00e9 civile, d\u2019\u00e9l\u00e8ves des cycles moyen et secondaire, ainsi que de nombreux invit\u00e9s.<\/p>\n<p><strong>Une vitrine du sport au sein de l\u2019ANP<\/strong><br \/>\nLe coup d\u2019envoi de cette journ\u00e9e a \u00e9t\u00e9 donn\u00e9 par le chef d\u2019\u00e9tat-major de la troisi\u00e8me R\u00e9gion militaire, repr\u00e9sentant le commandant de cette m\u00eame r\u00e9gion. Dans son intervention, il a soulign\u00e9 que cette action s\u2019inscrit dans le cadre du plan de communication 2025-2026 de l\u2019ANP. L\u2019objectif principal de cette rencontre est de faire conna\u00eetre les r\u00e9alit\u00e9s de la pratique sportive au sein des diff\u00e9rentes unit\u00e9s militaires, mais aussi de mettre en valeur les performances r\u00e9alis\u00e9es par les s\u00e9lections nationales militaires et les \u00e9quipes relevant de la troisi\u00e8me R\u00e9gion militaire. \u00c0 travers cette initiative, les organisateurs ont souhait\u00e9 montrer que le sport occupe une place importante dans la pr\u00e9paration physique des personnels, tout en constituant un espace de d\u00e9passement de soi, de discipline et d\u2019excellence.<\/p>\n<p><strong>Consolider le lien Arm\u00e9e-Nation<\/strong><br \/>\nAu-del\u00e0 de son aspect sportif, cette journ\u00e9e portes ouvertes rev\u00eat \u00e9galement une dimension citoyenne. Elle participe au renforcement du lien Arm\u00e9e-Nation, en offrant au grand public l\u2019occasion de mieux conna\u00eetre certaines facettes de la vie militaire \u00e0 travers le prisme du sport. Les visiteurs ont ainsi pu \u00e9changer avec les encadreurs et les athl\u00e8tes pr\u00e9sents, d\u00e9couvrir les m\u00e9thodes d\u2019entra\u00eenement mises en place et prendre connaissance des moyens mobilis\u00e9s pour accompagner les sportifs militaires vers la performance. Cette proximit\u00e9 recherch\u00e9e traduit la volont\u00e9 de l\u2019institution militaire d\u2019ouvrir davantage ses espaces d\u2019activit\u00e9s au public et de partager ses r\u00e9ussites avec la soci\u00e9t\u00e9 civile.<\/p>\n<p><strong>Des exhibitions appr\u00e9ci\u00e9es par le public<\/strong><br \/>\nLe programme de la journ\u00e9e a \u00e9t\u00e9 marqu\u00e9 par plusieurs exhibitions sportives collectives anim\u00e9es par des \u00e9quipes issues de diff\u00e9rentes unit\u00e9s militaires de la r\u00e9gion. Ces d\u00e9monstrations ont suscit\u00e9 l\u2019int\u00e9r\u00eat des pr\u00e9sents, notamment des jeunes \u00e9l\u00e8ves venus nombreux assister \u00e0 l\u2019\u00e9v\u00e9nement. \u00c0 travers ces prestations, les participants ont pu appr\u00e9cier le niveau technique, la rigueur et la pr\u00e9paration physique des sportifs militaires dans diverses disciplines. L\u2019ambiance conviviale et l\u2019enthousiasme du public ont donn\u00e9 un relief particulier \u00e0 cette manifestation, transform\u00e9e en v\u00e9ritable f\u00eate sportive.<\/p>\n<p><strong>Des expositions pour valoriser les r\u00e9alisations<\/strong><br \/>\nEn parall\u00e8le des d\u00e9monstrations, plusieurs espaces d\u2019exposition ont \u00e9t\u00e9 install\u00e9s au complexe sportif. Ils ont permis de retracer les progr\u00e8s accomplis par le sport militaire aussi bien au niveau r\u00e9gional que national. Les visiteurs ont pu y d\u00e9couvrir les distinctions remport\u00e9es lors de comp\u00e9titions continentales et internationales, ainsi que les diff\u00e9rentes activit\u00e9s physiques pratiqu\u00e9es au sein des unit\u00e9s de la troisi\u00e8me R\u00e9gion militaire. \u00c0 travers cette journ\u00e9e r\u00e9ussie, B\u00e9char a confirm\u00e9 l\u2019int\u00e9r\u00eat grandissant port\u00e9 au sport militaire, consid\u00e9r\u00e9 aujourd\u2019hui comme un vecteur de performance, de coh\u00e9sion et de rapprochement entre l\u2019arm\u00e9e et la nation.<\/p>\n<p style=\"text-align: right\">\n<strong>A. A.<\/strong><\/p>\n","protected":false},"excerpt":{"rendered":"<p>La ville de B\u00e9char a v\u00e9cu, jeudi dernier, au rythme du sport militaire \u00e0 l\u2019occasion d\u2019une journ\u00e9e portes ouvertes organis\u00e9e au complexe sportif de la Zone bleue. Cette initiative a permis au public de d\u00e9couvrir de plus pr\u00e8s l\u2019importance accord\u00e9e \u00e0 la pratique sportive au sein de l\u2019Arm\u00e9e nationale populaire (ANP), ainsi que les r\u00e9sultats &hellip;<\/p>\n","protected":false},"author":3,"featured_media":151999,"comment_status":"closed","ping_status":"closed","sticky":false,"template":"","format":"standard","meta":{"footnotes":""},"categories":[164,129],"tags":[],"class_list":["post-151972","post","type-post","status-publish","format-standard","has-post-thumbnail","hentry","category-arts-martiaux","category-omnisport"],"_links":{"self":[{"href":"https:\/\/planetesport.dz\/index.php?rest_route=\/wp\/v2\/posts\/151972","targetHints":{"allow":["GET"]}}],"collection":[{"href":"https:\/\/planetesport.dz\/index.php?rest_route=\/wp\/v2\/posts"}],"about":[{"href":"https:\/\/planetesport.dz\/index.php?rest_route=\/wp\/v2\/types\/post"}],"author":[{"embeddable":true,"href":"https:\/\/planetesport.dz\/index.php?rest_route=\/wp\/v2\/users\/3"}],"replies":[{"embeddable":true,"href":"https:\/\/planetesport.dz\/index.php?rest_route=%2Fwp%2Fv2%2Fcomments&post=151972"}],"version-history":[{"count":1,"href":"https:\/\/planetesport.dz\/index.php?rest_route=\/wp\/v2\/posts\/151972\/revisions"}],"predecessor-version":[{"id":152041,"href":"https:\/\/planetesport.dz\/index.php?rest_route=\/wp\/v2\/posts\/151972\/revisions\/152041"}],"wp:featuredmedia":[{"embeddable":true,"href":"https:\/\/planetesport.dz\/index.php?rest_route=\/wp\/v2\/media\/151999"}],"wp:attachment":[{"href":"https:\/\/planetesport.dz\/index.php?rest_route=%2Fwp%2Fv2%2Fmedia&parent=151972"}],"wp:term":[{"taxonomy":"category","embeddable":true,"href":"https:\/\/planetesport.dz\/index.php?rest_route=%2Fwp%2Fv2%2Fcategories&post=151972"},{"taxonomy":"post_tag","embeddable":true,"href":"https:\/\/planetesport.dz\/index.php?rest_route=%2Fwp%2Fv2%2Ftags&post=151972"}],"curies":[{"name":"wp","href":"https:\/\/api.w.org\/{rel}","templated":true}]}}