{"id":151968,"date":"2026-05-02T07:02:37","date_gmt":"2026-05-02T07:02:37","guid":{"rendered":"https:\/\/planetesport.dz\/?p=151968"},"modified":"2026-05-02T07:02:37","modified_gmt":"2026-05-02T07:02:37","slug":"real-madrid-jose-mourinho-sort-du-silence","status":"publish","type":"post","link":"https:\/\/planetesport.dz\/?p=151968","title":{"rendered":"Real Madrid : Jos\u00e9 Mourinho sort du silence"},"content":{"rendered":"<p>Selon la presse espagnole, le Real Madrid a bien pr\u00e9vu de faire de Jos\u00e9 Mourinho son futur entra\u00eeneur et le Special One serait partant. Mais face aux m\u00e9dias portugais, \u00e0 la veille du d\u00e9placement \u00e0 Famalic\u00e3o, le coach de Benfica a assur\u00e9 ne pas avoir \u00e9t\u00e9 contact\u00e9 par la Casa Blanca. \u00ab Non, personne du Real Madrid ne m\u2019a contact\u00e9, je peux te l\u2019assurer. Je suis dans le football depuis trop longtemps, tout comme toi dans le journalisme, et nous sommes habitu\u00e9s \u00e0 ce genre de choses, mais rien venant du Real Madrid. (\u2026) Rien. Je ne peux rien d\u00e9voiler. J\u2019ai d\u00e9j\u00e0 dit \u00e0 votre coll\u00e8gue que concernant le Real Madrid, rien \u00e0 signaler, et concernant Benfica, vous connaissez d\u00e9j\u00e0 la situation. J\u2019ai encore un an de contrat avec Benfica, et c\u2019est tout \u00bb, a-t-il confi\u00e9. Rapporte le site footmercato.net.<\/p>\n","protected":false},"excerpt":{"rendered":"<p>Selon la presse espagnole, le Real Madrid a bien pr\u00e9vu de faire de Jos\u00e9 Mourinho son futur entra\u00eeneur et le Special One serait partant. Mais face aux m\u00e9dias portugais, \u00e0 la veille du d\u00e9placement \u00e0 Famalic\u00e3o, le coach de Benfica a assur\u00e9 ne pas avoir \u00e9t\u00e9 contact\u00e9 par la Casa Blanca. \u00ab Non, personne du &hellip;<\/p>\n","protected":false},"author":3,"featured_media":151995,"comment_status":"closed","ping_status":"closed","sticky":false,"template":"","format":"standard","meta":{"footnotes":""},"categories":[128],"tags":[],"class_list":["post-151968","post","type-post","status-publish","format-standard","has-post-thumbnail","hentry","category-football-etranger"],"_links":{"self":[{"href":"https:\/\/planetesport.dz\/index.php?rest_route=\/wp\/v2\/posts\/151968","targetHints":{"allow":["GET"]}}],"collection":[{"href":"https:\/\/planetesport.dz\/index.php?rest_route=\/wp\/v2\/posts"}],"about":[{"href":"https:\/\/planetesport.dz\/index.php?rest_route=\/wp\/v2\/types\/post"}],"author":[{"embeddable":true,"href":"https:\/\/planetesport.dz\/index.php?rest_route=\/wp\/v2\/users\/3"}],"replies":[{"embeddable":true,"href":"https:\/\/planetesport.dz\/index.php?rest_route=%2Fwp%2Fv2%2Fcomments&post=151968"}],"version-history":[{"count":1,"href":"https:\/\/planetesport.dz\/index.php?rest_route=\/wp\/v2\/posts\/151968\/revisions"}],"predecessor-version":[{"id":152039,"href":"https:\/\/planetesport.dz\/index.php?rest_route=\/wp\/v2\/posts\/151968\/revisions\/152039"}],"wp:featuredmedia":[{"embeddable":true,"href":"https:\/\/planetesport.dz\/index.php?rest_route=\/wp\/v2\/media\/151995"}],"wp:attachment":[{"href":"https:\/\/planetesport.dz\/index.php?rest_route=%2Fwp%2Fv2%2Fmedia&parent=151968"}],"wp:term":[{"taxonomy":"category","embeddable":true,"href":"https:\/\/planetesport.dz\/index.php?rest_route=%2Fwp%2Fv2%2Fcategories&post=151968"},{"taxonomy":"post_tag","embeddable":true,"href":"https:\/\/planetesport.dz\/index.php?rest_route=%2Fwp%2Fv2%2Ftags&post=151968"}],"curies":[{"name":"wp","href":"https:\/\/api.w.org\/{rel}","templated":true}]}}