{"id":151967,"date":"2026-05-02T07:02:26","date_gmt":"2026-05-02T07:02:26","guid":{"rendered":"https:\/\/planetesport.dz\/?p=151967"},"modified":"2026-05-02T07:02:26","modified_gmt":"2026-05-02T07:02:26","slug":"milan-un-an-de-plus-pour-modric","status":"publish","type":"post","link":"https:\/\/planetesport.dz\/?p=151967","title":{"rendered":"Milan : un an de plus pour Modric ?"},"content":{"rendered":"<p>Arriv\u00e9 l\u2019\u00e9t\u00e9 dernier au terme de son contrat avec le Real Madrid, Luka Modric (40 ans, 33 matchs et 2 buts en Serie A cette saison) pourrait prolonger l\u2019aventure \u00e0 l\u2019AC Milan. Selon La Gazzetta dello Sport, le milieu de terrain serait en effet pr\u00eat \u00e0 disputer une saison suppl\u00e9mentaire avec les Rossoneri. Indisponible pour les derni\u00e8res journ\u00e9es de Serie A suite \u00e0 une fracture de la pommette contre la Juventus (0-0), le 26 avril, l\u2019international croate n\u2019aimerait pas que son histoire avec le club lombard se termine de cette mani\u00e8re. Une prolongation ne serait pas un probl\u00e8me puisque la formation italienne dispose d\u2019une option pour prolonger son bail d\u2019un an. D\u2019apr\u00e8s le quotidien, les dirigeants milanais ne l\u2019activeront que si Modric donne son accord. Ce dernier aurait l\u2019intention de prendre sa d\u00e9cision pendant la Coupe du monde 2026. S\u2019il se juge encore en bonne forme cet \u00e9t\u00e9, l\u2019ancien Madril\u00e8ne aurait ainsi de grandes chances de dire oui \u00e0 l&rsquo;AC Milan. Rapporte le site maxifoot.fr.<\/p>\n","protected":false},"excerpt":{"rendered":"<p>Arriv\u00e9 l\u2019\u00e9t\u00e9 dernier au terme de son contrat avec le Real Madrid, Luka Modric (40 ans, 33 matchs et 2 buts en Serie A cette saison) pourrait prolonger l\u2019aventure \u00e0 l\u2019AC Milan. Selon La Gazzetta dello Sport, le milieu de terrain serait en effet pr\u00eat \u00e0 disputer une saison suppl\u00e9mentaire avec les Rossoneri. Indisponible pour &hellip;<\/p>\n","protected":false},"author":3,"featured_media":151994,"comment_status":"closed","ping_status":"closed","sticky":false,"template":"","format":"standard","meta":{"footnotes":""},"categories":[128],"tags":[],"class_list":["post-151967","post","type-post","status-publish","format-standard","has-post-thumbnail","hentry","category-football-etranger"],"_links":{"self":[{"href":"https:\/\/planetesport.dz\/index.php?rest_route=\/wp\/v2\/posts\/151967","targetHints":{"allow":["GET"]}}],"collection":[{"href":"https:\/\/planetesport.dz\/index.php?rest_route=\/wp\/v2\/posts"}],"about":[{"href":"https:\/\/planetesport.dz\/index.php?rest_route=\/wp\/v2\/types\/post"}],"author":[{"embeddable":true,"href":"https:\/\/planetesport.dz\/index.php?rest_route=\/wp\/v2\/users\/3"}],"replies":[{"embeddable":true,"href":"https:\/\/planetesport.dz\/index.php?rest_route=%2Fwp%2Fv2%2Fcomments&post=151967"}],"version-history":[{"count":1,"href":"https:\/\/planetesport.dz\/index.php?rest_route=\/wp\/v2\/posts\/151967\/revisions"}],"predecessor-version":[{"id":152038,"href":"https:\/\/planetesport.dz\/index.php?rest_route=\/wp\/v2\/posts\/151967\/revisions\/152038"}],"wp:featuredmedia":[{"embeddable":true,"href":"https:\/\/planetesport.dz\/index.php?rest_route=\/wp\/v2\/media\/151994"}],"wp:attachment":[{"href":"https:\/\/planetesport.dz\/index.php?rest_route=%2Fwp%2Fv2%2Fmedia&parent=151967"}],"wp:term":[{"taxonomy":"category","embeddable":true,"href":"https:\/\/planetesport.dz\/index.php?rest_route=%2Fwp%2Fv2%2Fcategories&post=151967"},{"taxonomy":"post_tag","embeddable":true,"href":"https:\/\/planetesport.dz\/index.php?rest_route=%2Fwp%2Fv2%2Ftags&post=151967"}],"curies":[{"name":"wp","href":"https:\/\/api.w.org\/{rel}","templated":true}]}}