{"id":151966,"date":"2026-05-02T07:01:58","date_gmt":"2026-05-02T07:01:58","guid":{"rendered":"https:\/\/planetesport.dz\/?p=151966"},"modified":"2026-05-02T07:01:58","modified_gmt":"2026-05-02T07:01:58","slug":"barca-flick-a-une-grande-nouvelle-avant-le-clasico","status":"publish","type":"post","link":"https:\/\/planetesport.dz\/?p=151966","title":{"rendered":"Bar\u00e7a : Flick a une grande nouvelle avant le Clasico"},"content":{"rendered":"<p>D\u2019apr\u00e8s Mundo Deportivo, Hansi Flick et le FC Barcelone vont poursuivre leur collaboration sur le court terme. L\u2019entra\u00eeneur allemand a d\u00e9j\u00e0 accept\u00e9 une prolongation de contrat jusqu\u2019en 2028, assortie d\u2019une option pour une ann\u00e9e suppl\u00e9mentaire. Son contrat actuel court jusqu\u2019en 2027. Selon Mundo Deportivo, le pr\u00e9sident Joan Laporta aurait propos\u00e9 \u00e0 Flick un contrat jusqu\u2019\u00e0 mi-2029. Mais l\u2019Allemand privil\u00e9gierait un contrat plus court au Bar\u00e7a, plus adapt\u00e9 \u00e0 ses besoins. Flick est l\u2019entra\u00eeneur du club espagnol depuis l\u2019\u00e9t\u00e9 2024. Il avait pr\u00e9c\u00e9demment d\u00e9clar\u00e9 aux m\u00e9dias qu\u2019il souhaitait prolonger son contrat. \u00ab C\u2019est la derni\u00e8re \u00e9tape de ma carri\u00e8re. J\u2019aimerais prolonger, mais ce n\u2019est pas le moment d\u2019en parler. J\u2019ai pass\u00e9 de tr\u00e8s bons moments au Bayern Munich et avec l\u2019\u00e9quipe nationale allemande, mais en consid\u00e9rant la situation actuelle, je r\u00e9alise que c\u2019est vraiment ce qu\u2019il y a de mieux pour moi\u00a0\u00bb. Le club catalan peut devenir champion d\u2019Espagne ce week-end. Pour y arriver l\u2019\u00e9quipe de Flick doit s\u2019imposer \u00e0 Osasuna. Cependant, il faut aussi que le Real Madrid ne batte pas l\u2019Espanyol. En cas d\u2019\u00e9chec, le titre pourrait se jouer lors du Cl\u00e1sico entre Barcelone et les Merengues. Peut-on lire sur le site les-transferts.com<\/p>\n","protected":false},"excerpt":{"rendered":"<p>D\u2019apr\u00e8s Mundo Deportivo, Hansi Flick et le FC Barcelone vont poursuivre leur collaboration sur le court terme. L\u2019entra\u00eeneur allemand a d\u00e9j\u00e0 accept\u00e9 une prolongation de contrat jusqu\u2019en 2028, assortie d\u2019une option pour une ann\u00e9e suppl\u00e9mentaire. Son contrat actuel court jusqu\u2019en 2027. Selon Mundo Deportivo, le pr\u00e9sident Joan Laporta aurait propos\u00e9 \u00e0 Flick un contrat jusqu\u2019\u00e0 &hellip;<\/p>\n","protected":false},"author":3,"featured_media":151993,"comment_status":"closed","ping_status":"closed","sticky":false,"template":"","format":"standard","meta":{"footnotes":""},"categories":[128],"tags":[],"class_list":["post-151966","post","type-post","status-publish","format-standard","has-post-thumbnail","hentry","category-football-etranger"],"_links":{"self":[{"href":"https:\/\/planetesport.dz\/index.php?rest_route=\/wp\/v2\/posts\/151966","targetHints":{"allow":["GET"]}}],"collection":[{"href":"https:\/\/planetesport.dz\/index.php?rest_route=\/wp\/v2\/posts"}],"about":[{"href":"https:\/\/planetesport.dz\/index.php?rest_route=\/wp\/v2\/types\/post"}],"author":[{"embeddable":true,"href":"https:\/\/planetesport.dz\/index.php?rest_route=\/wp\/v2\/users\/3"}],"replies":[{"embeddable":true,"href":"https:\/\/planetesport.dz\/index.php?rest_route=%2Fwp%2Fv2%2Fcomments&post=151966"}],"version-history":[{"count":1,"href":"https:\/\/planetesport.dz\/index.php?rest_route=\/wp\/v2\/posts\/151966\/revisions"}],"predecessor-version":[{"id":152037,"href":"https:\/\/planetesport.dz\/index.php?rest_route=\/wp\/v2\/posts\/151966\/revisions\/152037"}],"wp:featuredmedia":[{"embeddable":true,"href":"https:\/\/planetesport.dz\/index.php?rest_route=\/wp\/v2\/media\/151993"}],"wp:attachment":[{"href":"https:\/\/planetesport.dz\/index.php?rest_route=%2Fwp%2Fv2%2Fmedia&parent=151966"}],"wp:term":[{"taxonomy":"category","embeddable":true,"href":"https:\/\/planetesport.dz\/index.php?rest_route=%2Fwp%2Fv2%2Fcategories&post=151966"},{"taxonomy":"post_tag","embeddable":true,"href":"https:\/\/planetesport.dz\/index.php?rest_route=%2Fwp%2Fv2%2Ftags&post=151966"}],"curies":[{"name":"wp","href":"https:\/\/api.w.org\/{rel}","templated":true}]}}