{"id":151938,"date":"2026-05-02T06:54:45","date_gmt":"2026-05-02T06:54:45","guid":{"rendered":"https:\/\/planetesport.dz\/?p=151938"},"modified":"2026-05-02T06:54:45","modified_gmt":"2026-05-02T06:54:45","slug":"mokadem-et-nezla-de-retour","status":"publish","type":"post","link":"https:\/\/planetesport.dz\/?p=151938","title":{"rendered":"Mokadem et Nezla\u00a0 de retour"},"content":{"rendered":"<div>Le d\u00e9fenseur Idir Mokadem et l\u2019attaquant Massinissa Nezla, qui ont jou\u00e9 respectivement en Irak et au MB Rouisset durant la saison en cours sous forme de pr\u00eat, seront de retour \u00e0 la JSK cet \u00e9t\u00e9. Cependant, on ignore s\u2019ils feront partie de l\u2019effectif de la JSK la saison prochaine ou bien si la direction optera pour leur lib\u00e9ration ou leur pr\u00eat vers un autre club. La JSK aura un nouvel entra\u00eeneur incessamment et c\u2019est certainement lui qui d\u00e9cidera du sort des deux joueurs en question. Apr\u00e8s que la JSK a rat\u00e9 officiellement son objectif du podium, la direction ne tardera pas \u00e0 attaquer la pr\u00e9paration de la saison prochaine. D\u2019abord, la direction, en concertation avec le coach, d\u00e9signera les joueurs \u00e0 pr\u00e9server pour la saison prochaine et ceux \u00e0 lib\u00e9rer cet \u00e9t\u00e9. Par la suite, elle n\u00e9gociera avec les joueurs cibl\u00e9s pour renforcer la JSK dans les diff\u00e9rents compartiments. Les dirigeants veulent que la JSK joue pour les titres lors du prochain exercice. Ils feront s\u00fbrement de leur mieux pour r\u00e9ussir un recrutement judicieux lors du mercato estival.<\/div>\n<div><\/div>\n<div style=\"text-align: right\"><strong>M. L.<\/strong><\/div>\n<div><\/div>\n","protected":false},"excerpt":{"rendered":"<p>Le d\u00e9fenseur Idir Mokadem et l\u2019attaquant Massinissa Nezla, qui ont jou\u00e9 respectivement en Irak et au MB Rouisset durant la saison en cours sous forme de pr\u00eat, seront de retour \u00e0 la JSK cet \u00e9t\u00e9. Cependant, on ignore s\u2019ils feront partie de l\u2019effectif de la JSK la saison prochaine ou bien si la direction optera &hellip;<\/p>\n","protected":false},"author":3,"featured_media":151953,"comment_status":"closed","ping_status":"closed","sticky":false,"template":"","format":"standard","meta":{"footnotes":""},"categories":[127],"tags":[],"class_list":["post-151938","post","type-post","status-publish","format-standard","has-post-thumbnail","hentry","category-football-algerien"],"_links":{"self":[{"href":"https:\/\/planetesport.dz\/index.php?rest_route=\/wp\/v2\/posts\/151938","targetHints":{"allow":["GET"]}}],"collection":[{"href":"https:\/\/planetesport.dz\/index.php?rest_route=\/wp\/v2\/posts"}],"about":[{"href":"https:\/\/planetesport.dz\/index.php?rest_route=\/wp\/v2\/types\/post"}],"author":[{"embeddable":true,"href":"https:\/\/planetesport.dz\/index.php?rest_route=\/wp\/v2\/users\/3"}],"replies":[{"embeddable":true,"href":"https:\/\/planetesport.dz\/index.php?rest_route=%2Fwp%2Fv2%2Fcomments&post=151938"}],"version-history":[{"count":1,"href":"https:\/\/planetesport.dz\/index.php?rest_route=\/wp\/v2\/posts\/151938\/revisions"}],"predecessor-version":[{"id":152014,"href":"https:\/\/planetesport.dz\/index.php?rest_route=\/wp\/v2\/posts\/151938\/revisions\/152014"}],"wp:featuredmedia":[{"embeddable":true,"href":"https:\/\/planetesport.dz\/index.php?rest_route=\/wp\/v2\/media\/151953"}],"wp:attachment":[{"href":"https:\/\/planetesport.dz\/index.php?rest_route=%2Fwp%2Fv2%2Fmedia&parent=151938"}],"wp:term":[{"taxonomy":"category","embeddable":true,"href":"https:\/\/planetesport.dz\/index.php?rest_route=%2Fwp%2Fv2%2Fcategories&post=151938"},{"taxonomy":"post_tag","embeddable":true,"href":"https:\/\/planetesport.dz\/index.php?rest_route=%2Fwp%2Fv2%2Ftags&post=151938"}],"curies":[{"name":"wp","href":"https:\/\/api.w.org\/{rel}","templated":true}]}}