{"id":151818,"date":"2026-04-30T06:14:32","date_gmt":"2026-04-30T06:14:32","guid":{"rendered":"https:\/\/planetesport.dz\/?p=151818"},"modified":"2026-04-30T06:14:32","modified_gmt":"2026-04-30T06:14:32","slug":"raul-alonso-signera-son-contrat-a-alger","status":"publish","type":"post","link":"https:\/\/planetesport.dz\/?p=151818","title":{"rendered":"Ra\u00fal Alonso signera\u00a0 son contrat \u00e0 Alger\u00a0"},"content":{"rendered":"<div><strong>Le dossier du futur s\u00e9lectionneur national a connu son \u00e9pilogue apr\u00e8s un parcours sem\u00e9 d&#8217;emb\u00fbches. Plusieurs jours de discussions et de n\u00e9gociations parfois intenses ont abouti \u00e0 un accord officiel pour la signature du contrat par le technicien espagnol Ra\u00fal Alonso Sanguino avec la F\u00e9d\u00e9ration alg\u00e9rienne de handball.\u00a0<\/strong><\/div>\n<div><\/div>\n<div>Cette \u00e9tape d\u00e9cisive met un terme d\u00e9finitif aux nombreuses sp\u00e9culations qui agitaient le milieu du handball national depuis des semaines. Annonc\u00e9 comme le grand favori pour prendre les r\u00eanes de la s\u00e9lection alg\u00e9rienne des Verts, Ra\u00fal Alonso, \u00e2g\u00e9 de 52 ans et fort d&rsquo;une exp\u00e9rience remarqu\u00e9e en Europe et en Afrique, n&rsquo;avait pas encore donn\u00e9 son accord d\u00e9finitif malgr\u00e9 les attentes croissantes. Les pourparlers entre les deux parties ont connu plusieurs rebondissements notables, particuli\u00e8rement autour de clauses sensibles du contrat initial qui lui avait \u00e9t\u00e9 transmis par la F\u00e9d\u00e9ration. Ces \u00e9changes ont r\u00e9v\u00e9l\u00e9 les enjeux d&rsquo;un projet ambitieux visant \u00e0 redorer le blason des Verts sur la sc\u00e8ne internationale.<\/div>\n<div><\/div>\n<div><strong>Des n\u00e9gociations relanc\u00e9es ces derniers jours<\/strong><\/div>\n<div>Selon nos informations exclusives, le coach espagnol avait exig\u00e9 une r\u00e9vision approfondie de plusieurs modalit\u00e9s cl\u00e9s, notamment en lien avec ses conditions de travail quotidiennes, l&rsquo;organisation technique de la s\u00e9lection \u2013 incluant le staff m\u00e9dical et les pr\u00e9parateurs physiques \u2013 ainsi que certains aspects logistiques comme les d\u00e9placements et les infrastructures d&rsquo;entra\u00eenement. Ces exigences, jug\u00e9es parfaitement l\u00e9gitimes au vu du projet sportif ambitieux qui lui a \u00e9t\u00e9 pr\u00e9sent\u00e9 \u2013 avec des objectifs clairs pour les qualifications aux Championnats d&rsquo;Afrique et au Mondial \u2013, ont pouss\u00e9 les responsables f\u00e9d\u00e9raux \u00e0 reprendre les \u00e9changes de mani\u00e8re acc\u00e9l\u00e9r\u00e9e. Une nouvelle proposition, affin\u00e9e et plus g\u00e9n\u00e9reuse, lui a alors \u00e9t\u00e9 soumise, int\u00e9grant des ajustements pr\u00e9cis qui ont permis de rapprocher les positions des deux camps. Ces derniers contacts, men\u00e9s dans une atmosph\u00e8re constructive, ont finalement d\u00e9bouch\u00e9 sur un accord total et satisfaisant pour toutes les parties. Ra\u00fal Alonso a donc appos\u00e9 sa signature sur son contrat hier soir, validant ainsi officiellement sa nomination \u00e0 la t\u00eate de la s\u00e9lection nationale. Cette officialisation marque un tournant pour le handball alg\u00e9rien, qui esp\u00e8re retrouver les sommets continentaux sous la houlette de ce tacticien r\u00e9put\u00e9 pour son approche offensive et structur\u00e9e.<\/div>\n<div><\/div>\n<div><strong>Arriv\u00e9e attendue la semaine prochaine \u00e0 Alger<\/strong><\/div>\n<div>Le nouvel entra\u00eeneur national a d&rsquo;ores et d\u00e9j\u00e0 d\u00e9pos\u00e9 hier sa demande de visa aupr\u00e8s du consulat d\u2019Alg\u00e9rie en Allemagne, le pays o\u00f9 il r\u00e9side actuellement avec sa famille. Sauf contretemps administratif impr\u00e9vu \u2013 ce qui reste peu probable vu l&rsquo;urgence du dossier \u2013, tout devrait \u00eatre r\u00e9gl\u00e9 dans les prochains jours, ouvrant la voie \u00e0 une installation rapide. Son arriv\u00e9e \u00e0 Alger est d\u00e9sormais attendue d\u00e8s la semaine prochaine, probablement en d\u00e9but de semaine pour \u00e9viter tout retard dans la pr\u00e9paration et apposera \u00e0 la fois sa signature sur le contrat.<\/div>\n<div>Il devrait entamer imm\u00e9diatement son travail avec la F\u00e9d\u00e9ration, rencontrer les responsables cl\u00e9s, \u00e9valuer l&rsquo;effectif actuel et lancer les bases de la pr\u00e9paration des prochaines \u00e9ch\u00e9ances internationales, telles que les qualifications pour la CAN 2026 et les fen\u00eatres FIFA \u00e0 venir. Avec la signature de Ra\u00fal Alonso, dont le CV inclut des succ\u00e8s avec des clubs espagnols et des s\u00e9lections africaines, le handball alg\u00e9rien ouvre un nouveau chapitre passionnant. L&rsquo;espoir est grand de relancer durablement la s\u00e9lection nationale sur la sc\u00e8ne continentale et mondiale, apr\u00e8s des ann\u00e9es de r\u00e9sultats en demi-teinte.<\/div>\n<div><\/div>\n<div style=\"text-align: right\"><strong>A.A.<\/strong><\/div>\n","protected":false},"excerpt":{"rendered":"<p>Le dossier du futur s\u00e9lectionneur national a connu son \u00e9pilogue apr\u00e8s un parcours sem\u00e9 d&#8217;emb\u00fbches. Plusieurs jours de discussions et de n\u00e9gociations parfois intenses ont abouti \u00e0 un accord officiel pour la signature du contrat par le technicien espagnol Ra\u00fal Alonso Sanguino avec la F\u00e9d\u00e9ration alg\u00e9rienne de handball.\u00a0 Cette \u00e9tape d\u00e9cisive met un terme d\u00e9finitif &hellip;<\/p>\n","protected":false},"author":3,"featured_media":151851,"comment_status":"closed","ping_status":"closed","sticky":false,"template":"","format":"standard","meta":{"footnotes":""},"categories":[160,129],"tags":[],"class_list":["post-151818","post","type-post","status-publish","format-standard","has-post-thumbnail","hentry","category-handball","category-omnisport"],"_links":{"self":[{"href":"https:\/\/planetesport.dz\/index.php?rest_route=\/wp\/v2\/posts\/151818","targetHints":{"allow":["GET"]}}],"collection":[{"href":"https:\/\/planetesport.dz\/index.php?rest_route=\/wp\/v2\/posts"}],"about":[{"href":"https:\/\/planetesport.dz\/index.php?rest_route=\/wp\/v2\/types\/post"}],"author":[{"embeddable":true,"href":"https:\/\/planetesport.dz\/index.php?rest_route=\/wp\/v2\/users\/3"}],"replies":[{"embeddable":true,"href":"https:\/\/planetesport.dz\/index.php?rest_route=%2Fwp%2Fv2%2Fcomments&post=151818"}],"version-history":[{"count":1,"href":"https:\/\/planetesport.dz\/index.php?rest_route=\/wp\/v2\/posts\/151818\/revisions"}],"predecessor-version":[{"id":151896,"href":"https:\/\/planetesport.dz\/index.php?rest_route=\/wp\/v2\/posts\/151818\/revisions\/151896"}],"wp:featuredmedia":[{"embeddable":true,"href":"https:\/\/planetesport.dz\/index.php?rest_route=\/wp\/v2\/media\/151851"}],"wp:attachment":[{"href":"https:\/\/planetesport.dz\/index.php?rest_route=%2Fwp%2Fv2%2Fmedia&parent=151818"}],"wp:term":[{"taxonomy":"category","embeddable":true,"href":"https:\/\/planetesport.dz\/index.php?rest_route=%2Fwp%2Fv2%2Fcategories&post=151818"},{"taxonomy":"post_tag","embeddable":true,"href":"https:\/\/planetesport.dz\/index.php?rest_route=%2Fwp%2Fv2%2Ftags&post=151818"}],"curies":[{"name":"wp","href":"https:\/\/api.w.org\/{rel}","templated":true}]}}