{"id":151814,"date":"2026-04-30T06:12:18","date_gmt":"2026-04-30T06:12:18","guid":{"rendered":"https:\/\/planetesport.dz\/?p=151814"},"modified":"2026-04-30T06:12:18","modified_gmt":"2026-04-30T06:12:18","slug":"luca-zidane-touche-au-visage-le-mondial-en-suspens","status":"publish","type":"post","link":"https:\/\/planetesport.dz\/?p=151814","title":{"rendered":"Luca Zidane touch\u00e9 au visage, le Mondial en suspens"},"content":{"rendered":"<p><strong>Le Granada CF a lev\u00e9 le voile sur la nature de la blessure de son gardien international alg\u00e9rien Luca Zidane, victime d\u2019un choc lors de la d\u00e9faite face \u00e0 UD Almer\u00eda (2-4), en Liga 2.<\/strong><\/p>\n<p>Sorti en toute fin de match apr\u00e8s un violent contact, le portier des Verts a subi des examens m\u00e9dicaux qui ont r\u00e9v\u00e9l\u00e9, en plus d\u2019une commotion, une fracture au niveau de la m\u00e2choire et du menton. Dans un communiqu\u00e9, le club andalou a pr\u00e9cis\u00e9 que la d\u00e9cision concernant le protocole de soins conservateur ou chirurgical sera prise dans les prochaines heures, en concertation avec le joueur et le staff m\u00e9dical. Selon les premi\u00e8res estimations, la dur\u00e9e d\u2019indisponibilit\u00e9 pourrait varier entre six et huit semaines, une p\u00e9riode qui jette une incertitude r\u00e9elle sur sa participation \u00e0 la Coupe du monde 2026. Si un retour \u00e0 temps reste envisageable, il d\u00e9pendra de l\u2019\u00e9volution de sa r\u00e9cup\u00e9ration, avec la possibilit\u00e9 de reprendre la comp\u00e9tition sous protection, notamment avec un masque facial. Ce nouveau coup dur fragilise davantage le poste de gardien au sein de la s\u00e9lection nationale, d\u00e9j\u00e0 priv\u00e9e d\u2019Anthony Mandrea et probablement de Melvin Mastil, eux aussi bless\u00e9s.<\/p>\n<p style=\"text-align: right\"><strong>Djamel ABED<\/strong><\/p>\n","protected":false},"excerpt":{"rendered":"<p>Le Granada CF a lev\u00e9 le voile sur la nature de la blessure de son gardien international alg\u00e9rien Luca Zidane, victime d\u2019un choc lors de la d\u00e9faite face \u00e0 UD Almer\u00eda (2-4), en Liga 2. Sorti en toute fin de match apr\u00e8s un violent contact, le portier des Verts a subi des examens m\u00e9dicaux qui &hellip;<\/p>\n","protected":false},"author":3,"featured_media":151831,"comment_status":"closed","ping_status":"closed","sticky":false,"template":"","format":"standard","meta":{"footnotes":""},"categories":[128],"tags":[],"class_list":["post-151814","post","type-post","status-publish","format-standard","has-post-thumbnail","hentry","category-football-etranger"],"_links":{"self":[{"href":"https:\/\/planetesport.dz\/index.php?rest_route=\/wp\/v2\/posts\/151814","targetHints":{"allow":["GET"]}}],"collection":[{"href":"https:\/\/planetesport.dz\/index.php?rest_route=\/wp\/v2\/posts"}],"about":[{"href":"https:\/\/planetesport.dz\/index.php?rest_route=\/wp\/v2\/types\/post"}],"author":[{"embeddable":true,"href":"https:\/\/planetesport.dz\/index.php?rest_route=\/wp\/v2\/users\/3"}],"replies":[{"embeddable":true,"href":"https:\/\/planetesport.dz\/index.php?rest_route=%2Fwp%2Fv2%2Fcomments&post=151814"}],"version-history":[{"count":1,"href":"https:\/\/planetesport.dz\/index.php?rest_route=\/wp\/v2\/posts\/151814\/revisions"}],"predecessor-version":[{"id":151885,"href":"https:\/\/planetesport.dz\/index.php?rest_route=\/wp\/v2\/posts\/151814\/revisions\/151885"}],"wp:featuredmedia":[{"embeddable":true,"href":"https:\/\/planetesport.dz\/index.php?rest_route=\/wp\/v2\/media\/151831"}],"wp:attachment":[{"href":"https:\/\/planetesport.dz\/index.php?rest_route=%2Fwp%2Fv2%2Fmedia&parent=151814"}],"wp:term":[{"taxonomy":"category","embeddable":true,"href":"https:\/\/planetesport.dz\/index.php?rest_route=%2Fwp%2Fv2%2Fcategories&post=151814"},{"taxonomy":"post_tag","embeddable":true,"href":"https:\/\/planetesport.dz\/index.php?rest_route=%2Fwp%2Fv2%2Ftags&post=151814"}],"curies":[{"name":"wp","href":"https:\/\/api.w.org\/{rel}","templated":true}]}}