{"id":151743,"date":"2026-04-30T06:04:22","date_gmt":"2026-04-30T06:04:22","guid":{"rendered":"https:\/\/planetesport.dz\/?p=151743"},"modified":"2026-04-30T06:04:22","modified_gmt":"2026-04-30T06:04:22","slug":"laccord-concorde-en-approche-le-marche-des-pilotes-bientot-debloque","status":"publish","type":"post","link":"https:\/\/planetesport.dz\/?p=151743","title":{"rendered":"\u00ab\u00a0L\u2019accord Concorde\u00a0\u00bb en approche, le march\u00e9 des pilotes bient\u00f4t d\u00e9bloqu\u00e9"},"content":{"rendered":"<p style=\"text-align: left\">Le paddock du MotoGP retient son souffle. Alors que plusieurs mouvements majeurs du march\u00e9 des pilotes seraient d\u00e9j\u00e0 act\u00e9s pour 2027, aucune officialisation n\u2019a encore vu le jour. La raison : l\u2019absence d\u2019un accord global entre les constructeurs et Dorna Sports, d\u00e9sormais sous le contr\u00f4le de Liberty Media, sur le futur cadre \u00e9conomique du championnat. Selon plusieurs indiscr\u00e9tions, des transferts de premier plan seraient d\u00e9j\u00e0 boucl\u00e9s, avec notamment Pedro Acosta annonc\u00e9 chez Ducati, Francesco Bagnaia vers Aprilia, ou encore Fabio Quartararo en route vers Honda. Mais tout reste gel\u00e9 tant que le futur \u00ab\u00a0Accord Concorde\u00a0\u00bb version MotoGP n\u2019est pas sign\u00e9. Le principal point de blocage concerne la r\u00e9partition des revenus. Les constructeurs souhaitent d\u00e9sormais un pourcentage sur les recettes globales, \u00e0 l\u2019image du mod\u00e8le appliqu\u00e9 en Formula 1, plut\u00f4t qu\u2019une simple prime fixe. En \u00e9change, Liberty Media veut renforcer l\u2019implication des \u00e9quipes dans les op\u00e9rations promotionnelles et la valorisation commerciale du championnat. D\u2019apr\u00e8s l\u2019ancien manager espagnol Ricard Jov\u00e9, un accord pourrait intervenir d\u00e8s la premi\u00e8re moiti\u00e9 de mai, possiblement autour du Grand Prix de France. Une \u00e9ch\u00e9ance capitale qui pourrait d\u00e9clencher une vague d\u2019annonces et ouvrir une nouvelle \u00e8re \u00e9conomique pour le MotoGP.<\/p>\n<p style=\"text-align: right\">\n<strong>Amayas LAAZIB<\/strong><\/p>\n","protected":false},"excerpt":{"rendered":"<p>Le paddock du MotoGP retient son souffle. Alors que plusieurs mouvements majeurs du march\u00e9 des pilotes seraient d\u00e9j\u00e0 act\u00e9s pour 2027, aucune officialisation n\u2019a encore vu le jour. La raison : l\u2019absence d\u2019un accord global entre les constructeurs et Dorna Sports, d\u00e9sormais sous le contr\u00f4le de Liberty Media, sur le futur cadre \u00e9conomique du championnat. &hellip;<\/p>\n","protected":false},"author":3,"featured_media":151790,"comment_status":"closed","ping_status":"closed","sticky":false,"template":"","format":"standard","meta":{"footnotes":""},"categories":[157],"tags":[],"class_list":["post-151743","post","type-post","status-publish","format-standard","has-post-thumbnail","hentry","category-motosports"],"_links":{"self":[{"href":"https:\/\/planetesport.dz\/index.php?rest_route=\/wp\/v2\/posts\/151743","targetHints":{"allow":["GET"]}}],"collection":[{"href":"https:\/\/planetesport.dz\/index.php?rest_route=\/wp\/v2\/posts"}],"about":[{"href":"https:\/\/planetesport.dz\/index.php?rest_route=\/wp\/v2\/types\/post"}],"author":[{"embeddable":true,"href":"https:\/\/planetesport.dz\/index.php?rest_route=\/wp\/v2\/users\/3"}],"replies":[{"embeddable":true,"href":"https:\/\/planetesport.dz\/index.php?rest_route=%2Fwp%2Fv2%2Fcomments&post=151743"}],"version-history":[{"count":1,"href":"https:\/\/planetesport.dz\/index.php?rest_route=\/wp\/v2\/posts\/151743\/revisions"}],"predecessor-version":[{"id":151852,"href":"https:\/\/planetesport.dz\/index.php?rest_route=\/wp\/v2\/posts\/151743\/revisions\/151852"}],"wp:featuredmedia":[{"embeddable":true,"href":"https:\/\/planetesport.dz\/index.php?rest_route=\/wp\/v2\/media\/151790"}],"wp:attachment":[{"href":"https:\/\/planetesport.dz\/index.php?rest_route=%2Fwp%2Fv2%2Fmedia&parent=151743"}],"wp:term":[{"taxonomy":"category","embeddable":true,"href":"https:\/\/planetesport.dz\/index.php?rest_route=%2Fwp%2Fv2%2Fcategories&post=151743"},{"taxonomy":"post_tag","embeddable":true,"href":"https:\/\/planetesport.dz\/index.php?rest_route=%2Fwp%2Fv2%2Ftags&post=151743"}],"curies":[{"name":"wp","href":"https:\/\/api.w.org\/{rel}","templated":true}]}}