{"id":151507,"date":"2026-04-27T22:56:51","date_gmt":"2026-04-27T22:56:51","guid":{"rendered":"https:\/\/planetesport.dz\/?p=151507"},"modified":"2026-04-27T22:56:51","modified_gmt":"2026-04-27T22:56:51","slug":"la-qualification-du-personnel-technique-en-ligne-de-mire","status":"publish","type":"post","link":"https:\/\/planetesport.dz\/?p=151507","title":{"rendered":"La qualification du personnel technique en ligne de mire"},"content":{"rendered":"<p><strong>Sous l\u2019\u00e9gide du minist\u00e8re des Sports et en collaboration avec l\u2019INFS\/CSJ (ex-CREPS) d\u2019A\u00efn El-T\u00fcrck, un stage de formation d\u2019entra\u00eeneurs pour l\u2019obtention du dipl\u00f4me de 1er degr\u00e9 a \u00e9t\u00e9 organis\u00e9 durant 10 jours au complexe olympique Miloud-Hadefi (Oran).<\/strong><\/p>\n<p>Ce stage, qui a concern\u00e9 60 entra\u00eeneurs de la r\u00e9gion Ouest (Sidi Bel-Abb\u00e8s, Mascara et Oran) s\u2019est articul\u00e9 autour d\u2019un programme de formation complet alliant th\u00e9orie et pratique, le tout dans un environnement sain et sous une bonne organisation. Cette initiative prise par le minist\u00e8re des Sports s&rsquo;inscrit dans un effort plus large de d\u00e9veloppement et de qualification du personnel technique, et comprend au total 4 stages r\u00e9gionaux. En effet, apr\u00e8s ceux de Constantine, d\u2019Alger et d\u2019Annaba, c\u2019est au tour d\u2019Oran d\u2019organiser son stage.<\/p>\n<p><strong>Des sessions b\u00e9n\u00e9fiques pour le judo national<\/strong><\/p>\n<p>La premi\u00e8re session a propos\u00e9 un contenu p\u00e9dagogique intensif, con\u00e7u sp\u00e9cifiquement pour les candidats. Plusieurs s\u00e9ances ont \u00e9t\u00e9 consacr\u00e9es \u00e0 la r\u00e9vision des connaissances fondamentales des entra\u00eenements, ainsi qu&rsquo;aux aspects techniques propres au judo. L&rsquo;accent a \u00e9t\u00e9 mis sur les aspects m\u00e9thodologiques, permettant aux entra\u00eeneurs de mener des s\u00e9ances d&rsquo;entra\u00eenement fond\u00e9es sur des principes scientifiques rigoureux. La premi\u00e8re session s&rsquo;est conclue par trois examens le dernier jour, couvrant \u00e0 la fois la th\u00e9orie et la pratique. Ces examens visaient \u00e0 \u00e9valuer la compr\u00e9hension des participants des notions abord\u00e9es durant la formation et leur capacit\u00e9 \u00e0 les appliquer efficacement lors des entra\u00eenements. Des s\u00e9ances pratiques sur le terrain ont aussi permis aux candidats de mettre en application leurs nouvelles connaissances dans des situations r\u00e9elles.<\/p>\n<p>Ces s\u00e9ances \u00e9taient encadr\u00e9es par Mohamed Charef Afghoul et Sma\u00efl Oukil, des entra\u00eeneurs d\u2019exp\u00e9rience qui ont guid\u00e9 et accompagn\u00e9 les participants \u00e0 travers diff\u00e9rents sch\u00e9mas d&rsquo;entra\u00eenement, en leur apportant des corrections techniques pr\u00e9cises pour optimiser leurs performances. \u00c0 l&rsquo;issue de la formation, l&rsquo;entra\u00eeneur Charef Afghoul a soulign\u00e9 que cette phase est une \u00e9tape cruciale dans le d\u00e9veloppement d&rsquo;entra\u00eeneurs qualifi\u00e9s, pr\u00e9cisant que ce stage vise \u00e0 allier th\u00e9orie et pratique afin de doter les candidats des outils p\u00e9dagogiques et techniques qui leur permettront d&rsquo;am\u00e9liorer leurs performances au sein des clubs. S\u2019agissant des s\u00e9ances th\u00e9oriques, elles se sont d\u00e9roul\u00e9es \u00e0 l\u2019Institut national de formation sup\u00e9rieure des cadres de la jeunesse et des sports d\u2019A\u00efn El-T\u00fcrck.<\/p>\n<p style=\"text-align: right\">\n<strong>Par B. Sadek<\/strong><\/p>\n","protected":false},"excerpt":{"rendered":"<p>Sous l\u2019\u00e9gide du minist\u00e8re des Sports et en collaboration avec l\u2019INFS\/CSJ (ex-CREPS) d\u2019A\u00efn El-T\u00fcrck, un stage de formation d\u2019entra\u00eeneurs pour l\u2019obtention du dipl\u00f4me de 1er degr\u00e9 a \u00e9t\u00e9 organis\u00e9 durant 10 jours au complexe olympique Miloud-Hadefi (Oran). Ce stage, qui a concern\u00e9 60 entra\u00eeneurs de la r\u00e9gion Ouest (Sidi Bel-Abb\u00e8s, Mascara et Oran) s\u2019est articul\u00e9 &hellip;<\/p>\n","protected":false},"author":3,"featured_media":151558,"comment_status":"closed","ping_status":"closed","sticky":false,"template":"","format":"standard","meta":{"footnotes":""},"categories":[164,129],"tags":[],"class_list":["post-151507","post","type-post","status-publish","format-standard","has-post-thumbnail","hentry","category-arts-martiaux","category-omnisport"],"_links":{"self":[{"href":"https:\/\/planetesport.dz\/index.php?rest_route=\/wp\/v2\/posts\/151507","targetHints":{"allow":["GET"]}}],"collection":[{"href":"https:\/\/planetesport.dz\/index.php?rest_route=\/wp\/v2\/posts"}],"about":[{"href":"https:\/\/planetesport.dz\/index.php?rest_route=\/wp\/v2\/types\/post"}],"author":[{"embeddable":true,"href":"https:\/\/planetesport.dz\/index.php?rest_route=\/wp\/v2\/users\/3"}],"replies":[{"embeddable":true,"href":"https:\/\/planetesport.dz\/index.php?rest_route=%2Fwp%2Fv2%2Fcomments&post=151507"}],"version-history":[{"count":1,"href":"https:\/\/planetesport.dz\/index.php?rest_route=\/wp\/v2\/posts\/151507\/revisions"}],"predecessor-version":[{"id":151604,"href":"https:\/\/planetesport.dz\/index.php?rest_route=\/wp\/v2\/posts\/151507\/revisions\/151604"}],"wp:featuredmedia":[{"embeddable":true,"href":"https:\/\/planetesport.dz\/index.php?rest_route=\/wp\/v2\/media\/151558"}],"wp:attachment":[{"href":"https:\/\/planetesport.dz\/index.php?rest_route=%2Fwp%2Fv2%2Fmedia&parent=151507"}],"wp:term":[{"taxonomy":"category","embeddable":true,"href":"https:\/\/planetesport.dz\/index.php?rest_route=%2Fwp%2Fv2%2Fcategories&post=151507"},{"taxonomy":"post_tag","embeddable":true,"href":"https:\/\/planetesport.dz\/index.php?rest_route=%2Fwp%2Fv2%2Ftags&post=151507"}],"curies":[{"name":"wp","href":"https:\/\/api.w.org\/{rel}","templated":true}]}}