{"id":151373,"date":"2026-04-26T22:20:33","date_gmt":"2026-04-26T22:20:33","guid":{"rendered":"https:\/\/planetesport.dz\/?p=151373"},"modified":"2026-04-26T22:20:33","modified_gmt":"2026-04-26T22:20:33","slug":"nadia-masse-tres-fiere-de-ces-resultats","status":"publish","type":"post","link":"https:\/\/planetesport.dz\/?p=151373","title":{"rendered":"Nadia Mass\u00e9 : \u00ab Tr\u00e8s fi\u00e8re de ces r\u00e9sultats ! \u00bb"},"content":{"rendered":"<div>La coach nationale, Nadia Mass\u00e9, d\u00e9bordait de fiert\u00e9 et d\u2019\u00e9motion apr\u00e8s ces nouvelles performances \u00e9blouissantes des gymnastes alg\u00e9riennes aux Championnats d\u2019Afrique. Dans une d\u00e9claration sinc\u00e8re, elle a salu\u00e9 l\u2019\u00e9tat d\u2019esprit combatif du groupe, son \u00e9volution constante au fil des jours et l\u2019impact d\u00e9cisif de l\u2019arriv\u00e9e de nouvelles recrues dans la dynamique collective : \u00ab Je suis tr\u00e8s fi\u00e8re de ce que les filles ont accompli jusque-l\u00e0. Cela d\u00e9montre leur volont\u00e9 in\u00e9branlable, leur engagement total et surtout leur progression remarquable au fil de la comp\u00e9tition. L\u2019arriv\u00e9e de Djenna Laroui est un atout majeur pour la s\u00e9lection. Elle apporte de la qualit\u00e9 technique sup\u00e9rieure, une fra\u00eecheur comp\u00e9titive et renforce encore le niveau global de l\u2019\u00e9quipe, cr\u00e9ant une \u00e9mulation positive pour toutes. \u00bb<\/div>\n<div><\/div>\n<div style=\"text-align: right\"><strong>A.\u00a0 A.<\/strong><\/div>\n","protected":false},"excerpt":{"rendered":"<p>La coach nationale, Nadia Mass\u00e9, d\u00e9bordait de fiert\u00e9 et d\u2019\u00e9motion apr\u00e8s ces nouvelles performances \u00e9blouissantes des gymnastes alg\u00e9riennes aux Championnats d\u2019Afrique. Dans une d\u00e9claration sinc\u00e8re, elle a salu\u00e9 l\u2019\u00e9tat d\u2019esprit combatif du groupe, son \u00e9volution constante au fil des jours et l\u2019impact d\u00e9cisif de l\u2019arriv\u00e9e de nouvelles recrues dans la dynamique collective : \u00ab Je &hellip;<\/p>\n","protected":false},"author":3,"featured_media":151415,"comment_status":"closed","ping_status":"closed","sticky":false,"template":"","format":"standard","meta":{"footnotes":""},"categories":[170,129],"tags":[],"class_list":["post-151373","post","type-post","status-publish","format-standard","has-post-thumbnail","hentry","category-gymnastique","category-omnisport"],"_links":{"self":[{"href":"https:\/\/planetesport.dz\/index.php?rest_route=\/wp\/v2\/posts\/151373","targetHints":{"allow":["GET"]}}],"collection":[{"href":"https:\/\/planetesport.dz\/index.php?rest_route=\/wp\/v2\/posts"}],"about":[{"href":"https:\/\/planetesport.dz\/index.php?rest_route=\/wp\/v2\/types\/post"}],"author":[{"embeddable":true,"href":"https:\/\/planetesport.dz\/index.php?rest_route=\/wp\/v2\/users\/3"}],"replies":[{"embeddable":true,"href":"https:\/\/planetesport.dz\/index.php?rest_route=%2Fwp%2Fv2%2Fcomments&post=151373"}],"version-history":[{"count":1,"href":"https:\/\/planetesport.dz\/index.php?rest_route=\/wp\/v2\/posts\/151373\/revisions"}],"predecessor-version":[{"id":151458,"href":"https:\/\/planetesport.dz\/index.php?rest_route=\/wp\/v2\/posts\/151373\/revisions\/151458"}],"wp:featuredmedia":[{"embeddable":true,"href":"https:\/\/planetesport.dz\/index.php?rest_route=\/wp\/v2\/media\/151415"}],"wp:attachment":[{"href":"https:\/\/planetesport.dz\/index.php?rest_route=%2Fwp%2Fv2%2Fmedia&parent=151373"}],"wp:term":[{"taxonomy":"category","embeddable":true,"href":"https:\/\/planetesport.dz\/index.php?rest_route=%2Fwp%2Fv2%2Fcategories&post=151373"},{"taxonomy":"post_tag","embeddable":true,"href":"https:\/\/planetesport.dz\/index.php?rest_route=%2Fwp%2Fv2%2Ftags&post=151373"}],"curies":[{"name":"wp","href":"https:\/\/api.w.org\/{rel}","templated":true}]}}