{"id":151370,"date":"2026-04-26T22:22:37","date_gmt":"2026-04-26T22:22:37","guid":{"rendered":"https:\/\/planetesport.dz\/?p=151370"},"modified":"2026-04-26T22:22:37","modified_gmt":"2026-04-26T22:22:37","slug":"mohand-tamadartaza-president-de-la-favb-nous-entamons-le-dernier-virage-de-la-preparation-de-nos-selections-nationales","status":"publish","type":"post","link":"https:\/\/planetesport.dz\/?p=151370","title":{"rendered":"Mohand TamadArtaza, pr\u00e9sident de la FAVB : \u00ab Nous entamons le dernier virage de la pr\u00e9paration de nos s\u00e9lections nationales \u00bb"},"content":{"rendered":"<div><strong>\u00c0 l\u2019approche d\u2019un \u00e9t\u00e9 d\u00e9cisif pour le volley-ball alg\u00e9rien, la F\u00e9d\u00e9ration alg\u00e9rienne de volley-ball (FAVB) entre dans une phase strat\u00e9gique. Plusieurs s\u00e9lections nationales s\u2019appr\u00eatent \u00e0 d\u00e9fendre les couleurs du pays sur les sc\u00e8nes continentale et mondiale, avec un calendrier particuli\u00e8rement charg\u00e9 dans les mois \u00e0 venir.\u00a0<\/strong><\/div>\n<div><\/div>\n<div>Conscient de l\u2019importance de cette p\u00e9riode, le pr\u00e9sident de la FAVB, Mohand Tamadartaza, nous a d\u00e9taill\u00e9 les grandes lignes du programme arr\u00eat\u00e9 par l\u2019instance f\u00e9d\u00e9rale. Adopt\u00e9 lors de l\u2019Assembl\u00e9e g\u00e9n\u00e9rale ordinaire tenue samedi dernier \u00e0 Blida, le plan d\u2019action de la F\u00e9d\u00e9ration ainsi que les pr\u00e9visions budg\u00e9taires fixent le cap pour la suite de la saison. Une feuille de route ambitieuse qui t\u00e9moigne de la volont\u00e9 de la FAVB de renforcer sa pr\u00e9sence \u00e0 tous les niveaux :<\/div>\n<div><\/div>\n<div><strong>\u00ab Le plan d\u2019action et les pr\u00e9visions budg\u00e9taires ont \u00e9t\u00e9 approuv\u00e9s \u00bb<\/strong><\/div>\n<div>\u00ab Nous avons tenu notre Assembl\u00e9e g\u00e9n\u00e9rale ordinaire \u00e0 Blida, o\u00f9 le plan d\u2019action ainsi que les pr\u00e9visions budg\u00e9taires ont \u00e9t\u00e9 adopt\u00e9s. C\u2019\u00e9tait une \u00e9tape importante, car elle nous permet de lancer officiellement les prochaines op\u00e9rations de la F\u00e9d\u00e9ration et de travailler avec une vision claire pour les mois \u00e0 venir. Notre programme repose sur plusieurs axes. Il y a d\u2019abord les rendez-vous institutionnels, avec le congr\u00e8s de la F\u00e9d\u00e9ration internationale de volley-ball (FIVB), qui se d\u00e9roulera aux Cara\u00efbes, ainsi que celui de la Conf\u00e9d\u00e9ration africaine de volley-ball (CAVB), pr\u00e9vu en septembre au Cap-Vert. Ce sont des rencontres importantes pour l\u2019avenir de notre discipline. \u00bb<\/div>\n<div><\/div>\n<div><strong>\u00ab Plusieurs \u00e9ch\u00e9ances sportives attendent nos s\u00e9lections \u00bb<\/strong><\/div>\n<div>\u00ab Sur le plan sportif, nous avons un calendrier tr\u00e8s dense. L\u2019Alg\u00e9rie participera aux Championnats du monde U17, avec les filles au Chili et les gar\u00e7ons au Qatar. C\u2019est une opportunit\u00e9 pr\u00e9cieuse pour nos jeunes talents de se mesurer au haut niveau mondial. Nous aurons \u00e9galement deux comp\u00e9titions continentales majeures : le Championnat d\u2019Afrique seniors messieurs au Congo-Brazzaville et le Championnat d\u2019Afrique seniors dames au Kenya. Ce sont des rendez-vous que nous pr\u00e9parons avec beaucoup de s\u00e9rieux. Nous travaillons aussi sur les Championnats du monde scolaires, pr\u00e9vus en juillet en Chine, en collaboration avec la F\u00e9d\u00e9ration alg\u00e9rienne du sport scolaire. Nous avons trouv\u00e9 un terrain d\u2019entente pour mettre en place un partenariat durable bas\u00e9 sur la coordination et les \u00e9changes entre les deux instances. \u00bb<\/div>\n<div><\/div>\n<div><strong>\u00ab Nous sommes dans la derni\u00e8re ligne droite de la pr\u00e9paration \u00bb<\/strong><\/div>\n<div>\u00ab La pr\u00e9paration des diff\u00e9rentes s\u00e9lections nationales a d\u00e9j\u00e0 commenc\u00e9 depuis plusieurs mois. Nous avons organis\u00e9 plusieurs stages, dont le dernier durant les vacances d\u2019hiver. Un nouveau regroupement permanent est pr\u00e9vu prochainement pour entrer dans la phase finale du travail. Toutes les cat\u00e9gories concern\u00e9es sont mobilis\u00e9es : seniors messieurs, seniors dames, ainsi que les s\u00e9lections U17 gar\u00e7ons et filles. Notre objectif est d\u2019offrir les meilleures conditions de pr\u00e9paration \u00e0 chaque \u00e9quipe. Le premier rendez-vous des seniors concernera notre s\u00e9lection f\u00e9minine au mois d\u2019ao\u00fbt. Les messieurs entreront ensuite en lice en septembre. Quant aux Championnats du monde U17, ils devraient se tenir en juillet, sauf \u00e9ventuel changement de calendrier. \u00bb<\/div>\n<div>\u00c0 travers un programme ambitieux et riche, la F\u00e9d\u00e9ration alg\u00e9rienne de volley-ball entend franchir un nouveau cap et permettre aux s\u00e9lections nationales de d\u00e9fendre pleinement leurs chances sur la sc\u00e8ne africaine et mondiale.<\/div>\n<div style=\"text-align: right\"><\/div>\n<div style=\"text-align: right\"><strong>Par N. E.<\/strong><\/div>\n","protected":false},"excerpt":{"rendered":"<p>\u00c0 l\u2019approche d\u2019un \u00e9t\u00e9 d\u00e9cisif pour le volley-ball alg\u00e9rien, la F\u00e9d\u00e9ration alg\u00e9rienne de volley-ball (FAVB) entre dans une phase strat\u00e9gique. Plusieurs s\u00e9lections nationales s\u2019appr\u00eatent \u00e0 d\u00e9fendre les couleurs du pays sur les sc\u00e8nes continentale et mondiale, avec un calendrier particuli\u00e8rement charg\u00e9 dans les mois \u00e0 venir.\u00a0 Conscient de l\u2019importance de cette p\u00e9riode, le pr\u00e9sident de &hellip;<\/p>\n","protected":false},"author":3,"featured_media":151408,"comment_status":"closed","ping_status":"closed","sticky":false,"template":"","format":"standard","meta":{"footnotes":""},"categories":[129,161],"tags":[],"class_list":["post-151370","post","type-post","status-publish","format-standard","has-post-thumbnail","hentry","category-omnisport","category-volley"],"_links":{"self":[{"href":"https:\/\/planetesport.dz\/index.php?rest_route=\/wp\/v2\/posts\/151370","targetHints":{"allow":["GET"]}}],"collection":[{"href":"https:\/\/planetesport.dz\/index.php?rest_route=\/wp\/v2\/posts"}],"about":[{"href":"https:\/\/planetesport.dz\/index.php?rest_route=\/wp\/v2\/types\/post"}],"author":[{"embeddable":true,"href":"https:\/\/planetesport.dz\/index.php?rest_route=\/wp\/v2\/users\/3"}],"replies":[{"embeddable":true,"href":"https:\/\/planetesport.dz\/index.php?rest_route=%2Fwp%2Fv2%2Fcomments&post=151370"}],"version-history":[{"count":1,"href":"https:\/\/planetesport.dz\/index.php?rest_route=\/wp\/v2\/posts\/151370\/revisions"}],"predecessor-version":[{"id":151462,"href":"https:\/\/planetesport.dz\/index.php?rest_route=\/wp\/v2\/posts\/151370\/revisions\/151462"}],"wp:featuredmedia":[{"embeddable":true,"href":"https:\/\/planetesport.dz\/index.php?rest_route=\/wp\/v2\/media\/151408"}],"wp:attachment":[{"href":"https:\/\/planetesport.dz\/index.php?rest_route=%2Fwp%2Fv2%2Fmedia&parent=151370"}],"wp:term":[{"taxonomy":"category","embeddable":true,"href":"https:\/\/planetesport.dz\/index.php?rest_route=%2Fwp%2Fv2%2Fcategories&post=151370"},{"taxonomy":"post_tag","embeddable":true,"href":"https:\/\/planetesport.dz\/index.php?rest_route=%2Fwp%2Fv2%2Ftags&post=151370"}],"curies":[{"name":"wp","href":"https:\/\/api.w.org\/{rel}","templated":true}]}}