{"id":151359,"date":"2026-04-26T22:15:27","date_gmt":"2026-04-26T22:15:27","guid":{"rendered":"https:\/\/planetesport.dz\/?p=151359"},"modified":"2026-04-26T22:15:27","modified_gmt":"2026-04-26T22:15:27","slug":"can-u-17-2026-le-programme-des-jeunes-verts-devoile","status":"publish","type":"post","link":"https:\/\/planetesport.dz\/?p=151359","title":{"rendered":"CAN U-17 2026 : le programme des jeunes Verts d\u00e9voil\u00e9"},"content":{"rendered":"<p>La Conf\u00e9d\u00e9ration africaine de football a officialis\u00e9 le calendrier de la phase de groupes de la Coupe d\u2019Afrique des nations U-17, pr\u00e9vue du 13 mai au 2 juin 2026 au Maroc. L\u2019Alg\u00e9rie entamera son parcours face au Ghana, le 14 mai \u00e0 20h. Les jeunes Verts encha\u00eeneront avec une deuxi\u00e8me rencontre contre l\u2019Afrique du Sud, programm\u00e9e le 17 mai \u00e0 17h. La phase de groupes s\u2019ach\u00e8vera par un choc face au S\u00e9n\u00e9gal, le 20 mai \u00e0 20h. En amont de cette \u00e9ch\u00e9ance continentale, la s\u00e9lection alg\u00e9rienne poursuit sa pr\u00e9paration. Oppos\u00e9s \u00e0 l\u2019\u00c9gypte U-17 en match amical au Caire, les co\u00e9quipiers ont conc\u00e9d\u00e9 une courte d\u00e9faite (1-0), au terme d\u2019une rencontre \u00e9quilibr\u00e9e. Malgr\u00e9 plusieurs occasions franches, les Alg\u00e9riens ont manqu\u00e9 d\u2019efficacit\u00e9, avant de c\u00e9der dans les derni\u00e8res minutes. Les deux \u00e9quipes se retrouveront ce lundi pour une seconde confrontation amicale, qui viendra clore ce stage de pr\u00e9paration en \u00c9gypte.<\/p>\n<p style=\"text-align: right\">\n<strong>Djamel ABED<\/strong><\/p>\n","protected":false},"excerpt":{"rendered":"<p>La Conf\u00e9d\u00e9ration africaine de football a officialis\u00e9 le calendrier de la phase de groupes de la Coupe d\u2019Afrique des nations U-17, pr\u00e9vue du 13 mai au 2 juin 2026 au Maroc. L\u2019Alg\u00e9rie entamera son parcours face au Ghana, le 14 mai \u00e0 20h. Les jeunes Verts encha\u00eeneront avec une deuxi\u00e8me rencontre contre l\u2019Afrique du Sud, &hellip;<\/p>\n","protected":false},"author":3,"featured_media":0,"comment_status":"closed","ping_status":"closed","sticky":false,"template":"","format":"standard","meta":{"footnotes":""},"categories":[169,127],"tags":[],"class_list":["post-151359","post","type-post","status-publish","format-standard","hentry","category-equipe-nationale-football","category-football-algerien"],"_links":{"self":[{"href":"https:\/\/planetesport.dz\/index.php?rest_route=\/wp\/v2\/posts\/151359","targetHints":{"allow":["GET"]}}],"collection":[{"href":"https:\/\/planetesport.dz\/index.php?rest_route=\/wp\/v2\/posts"}],"about":[{"href":"https:\/\/planetesport.dz\/index.php?rest_route=\/wp\/v2\/types\/post"}],"author":[{"embeddable":true,"href":"https:\/\/planetesport.dz\/index.php?rest_route=\/wp\/v2\/users\/3"}],"replies":[{"embeddable":true,"href":"https:\/\/planetesport.dz\/index.php?rest_route=%2Fwp%2Fv2%2Fcomments&post=151359"}],"version-history":[{"count":1,"href":"https:\/\/planetesport.dz\/index.php?rest_route=\/wp\/v2\/posts\/151359\/revisions"}],"predecessor-version":[{"id":151447,"href":"https:\/\/planetesport.dz\/index.php?rest_route=\/wp\/v2\/posts\/151359\/revisions\/151447"}],"wp:attachment":[{"href":"https:\/\/planetesport.dz\/index.php?rest_route=%2Fwp%2Fv2%2Fmedia&parent=151359"}],"wp:term":[{"taxonomy":"category","embeddable":true,"href":"https:\/\/planetesport.dz\/index.php?rest_route=%2Fwp%2Fv2%2Fcategories&post=151359"},{"taxonomy":"post_tag","embeddable":true,"href":"https:\/\/planetesport.dz\/index.php?rest_route=%2Fwp%2Fv2%2Ftags&post=151359"}],"curies":[{"name":"wp","href":"https:\/\/api.w.org\/{rel}","templated":true}]}}