{"id":151235,"date":"2026-04-25T22:32:06","date_gmt":"2026-04-25T22:32:06","guid":{"rendered":"https:\/\/planetesport.dz\/?p=151235"},"modified":"2026-04-25T22:32:06","modified_gmt":"2026-04-25T22:32:06","slug":"les-verts-prendront-part-au-tour-international-du-benin","status":"publish","type":"post","link":"https:\/\/planetesport.dz\/?p=151235","title":{"rendered":"Les Verts prendront part au Tour international du B\u00e9nin\u00a0"},"content":{"rendered":"<div>La F\u00e9d\u00e9ration alg\u00e9rienne de cyclisme (FAC) a annonc\u00e9, hier, la participation de six coureurs talentueux \u00e0 la 21e \u00e9dition du Tour international cycliste du B\u00e9nin, une \u00e9preuve prestigieuse qui se d\u00e9roulera du 26 avril au 3 mai. Cet engagement marque une \u00e9tape cl\u00e9 dans le calendrier des comp\u00e9titions africaines, offrant \u00e0 la s\u00e9lection nationale une opportunit\u00e9 id\u00e9ale de se mesurer \u00e0 des rivaux continentaux et europ\u00e9ens, tout en accumulant de l&rsquo;exp\u00e9rience sur des parcours vari\u00e9s et exigeants.<\/div>\n<div><\/div>\n<div><strong>Une s\u00e9lection rod\u00e9e autour du leader Youcef Reguigui<\/strong><\/div>\n<div>Dirig\u00e9e par l&rsquo;entra\u00eeneur national exp\u00e9riment\u00e9 Khalil Tamarent, l&rsquo;\u00e9quipe alg\u00e9rienne s&rsquo;appuie sur un m\u00e9lange de jeunesse et de maturit\u00e9. \u00c0 sa t\u00eate tr\u00f4ne le v\u00e9t\u00e9ran Youcef Reguigui, multiple champion d&rsquo;Afrique et figure embl\u00e9matique du cyclisme alg\u00e9rien, dont les performances pass\u00e9es inspirent ses co\u00e9quipiers. Il sera soutenu par Sahiri Ali Zakaria, grimpeur prometteur r\u00e9v\u00e9l\u00e9 lors des r\u00e9centes courses r\u00e9gionales ; Anes Riahi, sprinteur endurant capable de briller sur les arriv\u00e9es group\u00e9es ; Nassim Sa\u00efdi, sp\u00e9cialiste des contre-la-montre ; Najib Assal, jeune talent en pleine ascension ; et Abdallah Benyoucef, rouleur infatigable. Cette composition \u00e9quilibr\u00e9e vise \u00e0 couvrir tous les terrains, des \u00e9tapes plates aux bosses potentielles du relief b\u00e9ninois.<\/div>\n<div><\/div>\n<div><strong>Enjeux strat\u00e9giques et plateau international relev\u00e9<\/strong><\/div>\n<div>Pour la FAC, cette sortie n&rsquo;est pas un simple d\u00e9placement : elle s&rsquo;inscrit dans une strat\u00e9gie de pr\u00e9paration \u00e0 long terme. \u00ab L&rsquo;objectif est clair : d\u00e9crocher les meilleurs r\u00e9sultats possibles et maximiser les points au classement UCI Afrique, essentiels pour hisser l&rsquo;Alg\u00e9rie dans le ranking mondial et s\u00e9curiser des qualifications aux Jeux olympiques de Los Angeles 2028 \u00bb, a-t-on insist\u00e9 du c\u00f4t\u00e9 de la F\u00e9d\u00e9ration. Cette course permettra aussi de tester l&rsquo;\u00e9tat de forme des coureurs en vue des grands rendez-vous continentaux \u00e0 venir.<\/div>\n<div><\/div>\n<div>Le peloton de cette 21e \u00e9dition s&rsquo;annonce particuli\u00e8rement comp\u00e9titif, avec la participation de l&rsquo;Alg\u00e9rie, du B\u00e9nin (pays h\u00f4te), de l&rsquo;\u00c9rythr\u00e9e (puissance montante du cyclisme africain), de l&rsquo;\u00cele Maurice, du Maroc, du Burkina Faso, du Nigeria et du Togo. C\u00f4t\u00e9 formations internationales, quatre \u00e9quipes professionnelles viendront pimenter la comp\u00e9tition : B-Close Bal-Enzo (Belgique), Hucare Factory et Team Bike Aid (Allemagne), ainsi que Team Biabab World Cola (B\u00e9nin). L&rsquo;\u00e9preuve se disputera sur cinq \u00e9tapes intenses, couronn\u00e9es par le prestigieux Grand Prix de Cotonou, qui promet un final spectaculaire.<\/div>\n<div><\/div>\n<div style=\"text-align: right\"><strong>Walim Mansouri<\/strong><\/div>\n","protected":false},"excerpt":{"rendered":"<p>La F\u00e9d\u00e9ration alg\u00e9rienne de cyclisme (FAC) a annonc\u00e9, hier, la participation de six coureurs talentueux \u00e0 la 21e \u00e9dition du Tour international cycliste du B\u00e9nin, une \u00e9preuve prestigieuse qui se d\u00e9roulera du 26 avril au 3 mai. Cet engagement marque une \u00e9tape cl\u00e9 dans le calendrier des comp\u00e9titions africaines, offrant \u00e0 la s\u00e9lection nationale une &hellip;<\/p>\n","protected":false},"author":3,"featured_media":0,"comment_status":"closed","ping_status":"closed","sticky":false,"template":"","format":"standard","meta":{"footnotes":""},"categories":[156,129],"tags":[],"class_list":["post-151235","post","type-post","status-publish","format-standard","hentry","category-cyclisme","category-omnisport"],"_links":{"self":[{"href":"https:\/\/planetesport.dz\/index.php?rest_route=\/wp\/v2\/posts\/151235","targetHints":{"allow":["GET"]}}],"collection":[{"href":"https:\/\/planetesport.dz\/index.php?rest_route=\/wp\/v2\/posts"}],"about":[{"href":"https:\/\/planetesport.dz\/index.php?rest_route=\/wp\/v2\/types\/post"}],"author":[{"embeddable":true,"href":"https:\/\/planetesport.dz\/index.php?rest_route=\/wp\/v2\/users\/3"}],"replies":[{"embeddable":true,"href":"https:\/\/planetesport.dz\/index.php?rest_route=%2Fwp%2Fv2%2Fcomments&post=151235"}],"version-history":[{"count":1,"href":"https:\/\/planetesport.dz\/index.php?rest_route=\/wp\/v2\/posts\/151235\/revisions"}],"predecessor-version":[{"id":151316,"href":"https:\/\/planetesport.dz\/index.php?rest_route=\/wp\/v2\/posts\/151235\/revisions\/151316"}],"wp:attachment":[{"href":"https:\/\/planetesport.dz\/index.php?rest_route=%2Fwp%2Fv2%2Fmedia&parent=151235"}],"wp:term":[{"taxonomy":"category","embeddable":true,"href":"https:\/\/planetesport.dz\/index.php?rest_route=%2Fwp%2Fv2%2Fcategories&post=151235"},{"taxonomy":"post_tag","embeddable":true,"href":"https:\/\/planetesport.dz\/index.php?rest_route=%2Fwp%2Fv2%2Ftags&post=151235"}],"curies":[{"name":"wp","href":"https:\/\/api.w.org\/{rel}","templated":true}]}}