{"id":151227,"date":"2026-04-25T22:29:54","date_gmt":"2026-04-25T22:29:54","guid":{"rendered":"https:\/\/planetesport.dz\/?p=151227"},"modified":"2026-04-25T22:29:54","modified_gmt":"2026-04-25T22:29:54","slug":"real-madrid-eder-militao-risque-de-se-faire-operer","status":"publish","type":"post","link":"https:\/\/planetesport.dz\/?p=151227","title":{"rendered":"Real Madrid : \u00c9der Milit\u00e3o risque de se faire op\u00e9rer"},"content":{"rendered":"<p>La tendance n\u2019est franchement pas \u00e0 l\u2019optimisme pour \u00c9der Milit\u00e3o. Victime d\u2019 une l\u00e9sion musculaire du biceps f\u00e9moral de la jambe gauche, d\u2019apr\u00e8s le communiqu\u00e9 m\u00e9dical du Real Madrid, le Br\u00e9silien doit observer au moins 4 semaines d\u2019arr\u00eat, et non pas trois comme indiqu\u00e9 pr\u00e9c\u00e9demment. Cela pourrait \u00eatre pire encore. Sa participation \u00e0 la Coupe du monde des clubs se complique s\u00e9rieusement d\u2019apr\u00e8s les nouvelles informations de la COPE. Le d\u00e9fenseur a rechut\u00e9 de sa pr\u00e9c\u00e9dente blessure. La cicatrice s\u2019est rouverte et une op\u00e9ration n\u2019est pas \u00e0 exclure, ce qui l\u2019obligerait \u00e0 s\u2019arr\u00eater encore plus longtemps et \u00e0 d\u00e9clarer forfait avec le Br\u00e9sil. Il s\u2019agirait alors du 3e apr\u00e8s ceux d\u00e9j\u00e0 enregistr\u00e9s de Rodrygo et Est\u00eav\u00e3o, rapporte le site footmercato.net.<\/p>\n","protected":false},"excerpt":{"rendered":"<p>La tendance n\u2019est franchement pas \u00e0 l\u2019optimisme pour \u00c9der Milit\u00e3o. Victime d\u2019 une l\u00e9sion musculaire du biceps f\u00e9moral de la jambe gauche, d\u2019apr\u00e8s le communiqu\u00e9 m\u00e9dical du Real Madrid, le Br\u00e9silien doit observer au moins 4 semaines d\u2019arr\u00eat, et non pas trois comme indiqu\u00e9 pr\u00e9c\u00e9demment. Cela pourrait \u00eatre pire encore. Sa participation \u00e0 la Coupe &hellip;<\/p>\n","protected":false},"author":3,"featured_media":151276,"comment_status":"closed","ping_status":"closed","sticky":false,"template":"","format":"standard","meta":{"footnotes":""},"categories":[128],"tags":[],"class_list":["post-151227","post","type-post","status-publish","format-standard","has-post-thumbnail","hentry","category-football-etranger"],"_links":{"self":[{"href":"https:\/\/planetesport.dz\/index.php?rest_route=\/wp\/v2\/posts\/151227","targetHints":{"allow":["GET"]}}],"collection":[{"href":"https:\/\/planetesport.dz\/index.php?rest_route=\/wp\/v2\/posts"}],"about":[{"href":"https:\/\/planetesport.dz\/index.php?rest_route=\/wp\/v2\/types\/post"}],"author":[{"embeddable":true,"href":"https:\/\/planetesport.dz\/index.php?rest_route=\/wp\/v2\/users\/3"}],"replies":[{"embeddable":true,"href":"https:\/\/planetesport.dz\/index.php?rest_route=%2Fwp%2Fv2%2Fcomments&post=151227"}],"version-history":[{"count":1,"href":"https:\/\/planetesport.dz\/index.php?rest_route=\/wp\/v2\/posts\/151227\/revisions"}],"predecessor-version":[{"id":151314,"href":"https:\/\/planetesport.dz\/index.php?rest_route=\/wp\/v2\/posts\/151227\/revisions\/151314"}],"wp:featuredmedia":[{"embeddable":true,"href":"https:\/\/planetesport.dz\/index.php?rest_route=\/wp\/v2\/media\/151276"}],"wp:attachment":[{"href":"https:\/\/planetesport.dz\/index.php?rest_route=%2Fwp%2Fv2%2Fmedia&parent=151227"}],"wp:term":[{"taxonomy":"category","embeddable":true,"href":"https:\/\/planetesport.dz\/index.php?rest_route=%2Fwp%2Fv2%2Fcategories&post=151227"},{"taxonomy":"post_tag","embeddable":true,"href":"https:\/\/planetesport.dz\/index.php?rest_route=%2Fwp%2Fv2%2Ftags&post=151227"}],"curies":[{"name":"wp","href":"https:\/\/api.w.org\/{rel}","templated":true}]}}