{"id":151225,"date":"2026-04-25T22:29:51","date_gmt":"2026-04-25T22:29:51","guid":{"rendered":"https:\/\/planetesport.dz\/?p=151225"},"modified":"2026-04-25T22:29:51","modified_gmt":"2026-04-25T22:29:51","slug":"raphinha-de-retour-a-lentrainement-a-laube-du-sprint-final","status":"publish","type":"post","link":"https:\/\/planetesport.dz\/?p=151225","title":{"rendered":"Raphinha de retour \u00e0 l&rsquo;entra\u00eenement \u00e0 l\u2019aube du sprint final"},"content":{"rendered":"<p>Le FC Barcelone a re\u00e7u un renfort de poids au moment opportun dans sa course au titre en Liga. Raphinha poursuit de belle mani\u00e8re sa convalescence. Selon le quotidien SPORT, le Br\u00e9silien a retrouv\u00e9 le chemin des terrains apr\u00e8s plusieurs semaines d\u2019indisponibilit\u00e9, affichant d\u00e9j\u00e0 un niveau d\u2019intensit\u00e9 remarquable. Bien qu\u2019il ne soit pas encore totalement r\u00e9int\u00e9gr\u00e9 aux s\u00e9ances collectives, l\u2019ailier devrait reprendre progressivement l\u2019entra\u00eenement avec le reste de l\u2019\u00e9quipe, de mani\u00e8re partielle, d\u2019ici le milieu de la semaine prochaine si sa r\u00e9\u00e9ducation se poursuit comme pr\u00e9vu. Raphinha s\u2019entra\u00eenait jusqu\u2019ici en marge du groupe pour retrouver le rythme de la comp\u00e9tition, apr\u00e8s s\u2019\u00eatre bless\u00e9 lors de la tr\u00eave internationale avec le Br\u00e9sil. Une blessure qui l\u2019avait \u00e9cart\u00e9 des terrains durant une p\u00e9riode charni\u00e8re de la saison. Son absence a d\u2019ailleurs co\u00efncid\u00e9 avec l\u2019\u00e9limination du Bar\u00e7a en Ligue des champions, bien que l\u2019\u00e9quipe ait su maintenir une excellente dynamique sur la sc\u00e8ne nationale, consolidant ainsi sa position dans la course au titre en Liga. Le club catalan esp\u00e8re d\u00e9sormais pouvoir compter sur lui pour le prochain Cl\u00e1sico face au Real Madrid, pr\u00e9vu le 10 mai, m\u00eame si un retour anticip\u00e9, notamment contre Osasuna, reste peu probable. Peut-on lire sur le site Tribuna.com.<\/p>\n","protected":false},"excerpt":{"rendered":"<p>Le FC Barcelone a re\u00e7u un renfort de poids au moment opportun dans sa course au titre en Liga. Raphinha poursuit de belle mani\u00e8re sa convalescence. Selon le quotidien SPORT, le Br\u00e9silien a retrouv\u00e9 le chemin des terrains apr\u00e8s plusieurs semaines d\u2019indisponibilit\u00e9, affichant d\u00e9j\u00e0 un niveau d\u2019intensit\u00e9 remarquable. Bien qu\u2019il ne soit pas encore totalement &hellip;<\/p>\n","protected":false},"author":3,"featured_media":151274,"comment_status":"closed","ping_status":"closed","sticky":false,"template":"","format":"standard","meta":{"footnotes":""},"categories":[128],"tags":[],"class_list":["post-151225","post","type-post","status-publish","format-standard","has-post-thumbnail","hentry","category-football-etranger"],"_links":{"self":[{"href":"https:\/\/planetesport.dz\/index.php?rest_route=\/wp\/v2\/posts\/151225","targetHints":{"allow":["GET"]}}],"collection":[{"href":"https:\/\/planetesport.dz\/index.php?rest_route=\/wp\/v2\/posts"}],"about":[{"href":"https:\/\/planetesport.dz\/index.php?rest_route=\/wp\/v2\/types\/post"}],"author":[{"embeddable":true,"href":"https:\/\/planetesport.dz\/index.php?rest_route=\/wp\/v2\/users\/3"}],"replies":[{"embeddable":true,"href":"https:\/\/planetesport.dz\/index.php?rest_route=%2Fwp%2Fv2%2Fcomments&post=151225"}],"version-history":[{"count":1,"href":"https:\/\/planetesport.dz\/index.php?rest_route=\/wp\/v2\/posts\/151225\/revisions"}],"predecessor-version":[{"id":151312,"href":"https:\/\/planetesport.dz\/index.php?rest_route=\/wp\/v2\/posts\/151225\/revisions\/151312"}],"wp:featuredmedia":[{"embeddable":true,"href":"https:\/\/planetesport.dz\/index.php?rest_route=\/wp\/v2\/media\/151274"}],"wp:attachment":[{"href":"https:\/\/planetesport.dz\/index.php?rest_route=%2Fwp%2Fv2%2Fmedia&parent=151225"}],"wp:term":[{"taxonomy":"category","embeddable":true,"href":"https:\/\/planetesport.dz\/index.php?rest_route=%2Fwp%2Fv2%2Fcategories&post=151225"},{"taxonomy":"post_tag","embeddable":true,"href":"https:\/\/planetesport.dz\/index.php?rest_route=%2Fwp%2Fv2%2Ftags&post=151225"}],"curies":[{"name":"wp","href":"https:\/\/api.w.org\/{rel}","templated":true}]}}