{"id":151223,"date":"2026-04-25T22:29:20","date_gmt":"2026-04-25T22:29:20","guid":{"rendered":"https:\/\/planetesport.dz\/?p=151223"},"modified":"2026-04-25T22:29:20","modified_gmt":"2026-04-25T22:29:20","slug":"amine-gouiri-forfait-face-a-nice","status":"publish","type":"post","link":"https:\/\/planetesport.dz\/?p=151223","title":{"rendered":"Amine Gouiri forfait face \u00e0 Nice"},"content":{"rendered":"<p>L\u2019Olympique de Marseille devra composer sans Amine Gouiri pour la r\u00e9ception de l\u2019OGC Nice, ce dimanche, dans le cadre de la 31e journ\u00e9e de Ligue 1. L\u2019absence de l\u2019international alg\u00e9rien a \u00e9t\u00e9 confirm\u00e9e en conf\u00e9rence de presse par son entra\u00eeneur Habib Beye. Initialement incertain, le joueur est finalement contraint de d\u00e9clarer forfait en raison de probl\u00e8mes musculaires contract\u00e9s lors de la derni\u00e8re rencontre face au FC Lorient, qu\u2019il avait d\u00fb quitter \u00e0 l\u2019heure de jeu environ. Le staff marseillais pr\u00e9f\u00e8re temporiser quant \u00e0 son retour effectif, alors que le calendrier entre dans sa phase d\u00e9cisive et intense. La priorit\u00e9 reste d\u2019\u00e9viter toute rechute \u00e0 l\u2019approche des derni\u00e8res rencontres cruciales. Auteur d\u2019une seconde partie de saison \u00e0 la hauteur des attentes, Gouiri s\u2019\u00e9tait impos\u00e9 comme un \u00e9l\u00e9ment essentiel du dispositif olympien. Son absence intervient toutefois dans un contexte d\u00e9licat pour Marseille, engag\u00e9 dans une lutte serr\u00e9e pour une qualification en Ligue des champions.<\/p>\n<p style=\"text-align: right\">\n<strong>Djamel ABED<\/strong><\/p>\n","protected":false},"excerpt":{"rendered":"<p>L\u2019Olympique de Marseille devra composer sans Amine Gouiri pour la r\u00e9ception de l\u2019OGC Nice, ce dimanche, dans le cadre de la 31e journ\u00e9e de Ligue 1. L\u2019absence de l\u2019international alg\u00e9rien a \u00e9t\u00e9 confirm\u00e9e en conf\u00e9rence de presse par son entra\u00eeneur Habib Beye. Initialement incertain, le joueur est finalement contraint de d\u00e9clarer forfait en raison de &hellip;<\/p>\n","protected":false},"author":3,"featured_media":151271,"comment_status":"closed","ping_status":"closed","sticky":false,"template":"","format":"standard","meta":{"footnotes":""},"categories":[128],"tags":[],"class_list":["post-151223","post","type-post","status-publish","format-standard","has-post-thumbnail","hentry","category-football-etranger"],"_links":{"self":[{"href":"https:\/\/planetesport.dz\/index.php?rest_route=\/wp\/v2\/posts\/151223","targetHints":{"allow":["GET"]}}],"collection":[{"href":"https:\/\/planetesport.dz\/index.php?rest_route=\/wp\/v2\/posts"}],"about":[{"href":"https:\/\/planetesport.dz\/index.php?rest_route=\/wp\/v2\/types\/post"}],"author":[{"embeddable":true,"href":"https:\/\/planetesport.dz\/index.php?rest_route=\/wp\/v2\/users\/3"}],"replies":[{"embeddable":true,"href":"https:\/\/planetesport.dz\/index.php?rest_route=%2Fwp%2Fv2%2Fcomments&post=151223"}],"version-history":[{"count":1,"href":"https:\/\/planetesport.dz\/index.php?rest_route=\/wp\/v2\/posts\/151223\/revisions"}],"predecessor-version":[{"id":151311,"href":"https:\/\/planetesport.dz\/index.php?rest_route=\/wp\/v2\/posts\/151223\/revisions\/151311"}],"wp:featuredmedia":[{"embeddable":true,"href":"https:\/\/planetesport.dz\/index.php?rest_route=\/wp\/v2\/media\/151271"}],"wp:attachment":[{"href":"https:\/\/planetesport.dz\/index.php?rest_route=%2Fwp%2Fv2%2Fmedia&parent=151223"}],"wp:term":[{"taxonomy":"category","embeddable":true,"href":"https:\/\/planetesport.dz\/index.php?rest_route=%2Fwp%2Fv2%2Fcategories&post=151223"},{"taxonomy":"post_tag","embeddable":true,"href":"https:\/\/planetesport.dz\/index.php?rest_route=%2Fwp%2Fv2%2Ftags&post=151223"}],"curies":[{"name":"wp","href":"https:\/\/api.w.org\/{rel}","templated":true}]}}