{"id":151222,"date":"2026-04-25T22:28:15","date_gmt":"2026-04-25T22:28:15","guid":{"rendered":"https:\/\/planetesport.dz\/?p=151222"},"modified":"2026-04-25T22:28:15","modified_gmt":"2026-04-25T22:28:15","slug":"elias-benkara-sinscrit-dans-la-duree-a-dortmund","status":"publish","type":"post","link":"https:\/\/planetesport.dz\/?p=151222","title":{"rendered":"Elias Benkara s\u2019inscrit dans la dur\u00e9e \u00e0 Dortmund"},"content":{"rendered":"<p>Le jeune d\u00e9fenseur alg\u00e9rien Elias Benkara a d\u00e9finitivement tranch\u00e9 pour son avenir professionnel. Courtis\u00e9 ces derniers mois par plusieurs clubs, il a choisi de poursuivre son d\u00e9veloppement au Borussia Dortmund. Selon le quotidien Bild, le joueur est parvenu \u00e0 un accord avec la direction du club allemand pour prolonger son engagement de mani\u00e8re significative. Il devrait signer son premier contrat professionnel, d\u2019une dur\u00e9e de trois ans, le liant au BVB jusqu\u2019en 2029. Malgr\u00e9 l\u2019int\u00e9r\u00eat de plusieurs clubs europ\u00e9ens, dont Feyenoord Rotterdam, RSC Anderlecht et Eintracht Frankfurt, Benkara a privil\u00e9gi\u00e9 la continuit\u00e9 dans un environnement qu\u2019il conna\u00eet bien, afin de poursuivre sa progression constante. Pilier de l\u2019\u00e9quipe r\u00e9serve, le d\u00e9fenseur s\u2019est impos\u00e9 par sa r\u00e9gularit\u00e9 exemplaire, tout en go\u00fbtant d\u00e9j\u00e0 aux exigences du plus haut niveau. Il a en effet \u00e9t\u00e9 int\u00e9gr\u00e9 \u00e0 plusieurs reprises au groupe professionnel cette saison, que ce soit en Bundesliga ou en Ligue des champions, et a \u00e9galement pris part au stage du club lors de la Coupe du monde des clubs 2025. Cette prolongation pourrait marquer un tournant d\u00e9cisif dans sa trajectoire, avec la perspective d\u2019une premi\u00e8re apparition officielle en \u00e9quipe premi\u00e8re dans les mois \u00e0 venir, port\u00e9 par la confiance du staff technique.<\/p>\n<p style=\"text-align: right\"><strong>Djamel ABED<\/strong><\/p>\n","protected":false},"excerpt":{"rendered":"<p>Le jeune d\u00e9fenseur alg\u00e9rien Elias Benkara a d\u00e9finitivement tranch\u00e9 pour son avenir professionnel. Courtis\u00e9 ces derniers mois par plusieurs clubs, il a choisi de poursuivre son d\u00e9veloppement au Borussia Dortmund. Selon le quotidien Bild, le joueur est parvenu \u00e0 un accord avec la direction du club allemand pour prolonger son engagement de mani\u00e8re significative. Il &hellip;<\/p>\n","protected":false},"author":3,"featured_media":151272,"comment_status":"closed","ping_status":"closed","sticky":false,"template":"","format":"standard","meta":{"footnotes":""},"categories":[128],"tags":[],"class_list":["post-151222","post","type-post","status-publish","format-standard","has-post-thumbnail","hentry","category-football-etranger"],"_links":{"self":[{"href":"https:\/\/planetesport.dz\/index.php?rest_route=\/wp\/v2\/posts\/151222","targetHints":{"allow":["GET"]}}],"collection":[{"href":"https:\/\/planetesport.dz\/index.php?rest_route=\/wp\/v2\/posts"}],"about":[{"href":"https:\/\/planetesport.dz\/index.php?rest_route=\/wp\/v2\/types\/post"}],"author":[{"embeddable":true,"href":"https:\/\/planetesport.dz\/index.php?rest_route=\/wp\/v2\/users\/3"}],"replies":[{"embeddable":true,"href":"https:\/\/planetesport.dz\/index.php?rest_route=%2Fwp%2Fv2%2Fcomments&post=151222"}],"version-history":[{"count":1,"href":"https:\/\/planetesport.dz\/index.php?rest_route=\/wp\/v2\/posts\/151222\/revisions"}],"predecessor-version":[{"id":151310,"href":"https:\/\/planetesport.dz\/index.php?rest_route=\/wp\/v2\/posts\/151222\/revisions\/151310"}],"wp:featuredmedia":[{"embeddable":true,"href":"https:\/\/planetesport.dz\/index.php?rest_route=\/wp\/v2\/media\/151272"}],"wp:attachment":[{"href":"https:\/\/planetesport.dz\/index.php?rest_route=%2Fwp%2Fv2%2Fmedia&parent=151222"}],"wp:term":[{"taxonomy":"category","embeddable":true,"href":"https:\/\/planetesport.dz\/index.php?rest_route=%2Fwp%2Fv2%2Fcategories&post=151222"},{"taxonomy":"post_tag","embeddable":true,"href":"https:\/\/planetesport.dz\/index.php?rest_route=%2Fwp%2Fv2%2Ftags&post=151222"}],"curies":[{"name":"wp","href":"https:\/\/api.w.org\/{rel}","templated":true}]}}