{"id":151201,"date":"2026-04-25T22:22:29","date_gmt":"2026-04-25T22:22:29","guid":{"rendered":"https:\/\/planetesport.dz\/?p=151201"},"modified":"2026-04-25T22:22:29","modified_gmt":"2026-04-25T22:22:29","slug":"martin-penalise-de-trois-places-sur-la-grille-a-jerez","status":"publish","type":"post","link":"https:\/\/planetesport.dz\/?p=151201","title":{"rendered":"Mart\u00edn p\u00e9nalis\u00e9 de trois places sur la grille \u00e0 Jerez"},"content":{"rendered":"<p><strong>Le week-end espagnol d\u00e9bute sous tension pour Jorge Mart\u00edn. Le pilote de Aprilia Racing a \u00e9cop\u00e9 d\u2019une p\u00e9nalit\u00e9 de trois places sur la grille de d\u00e9part du Grand Prix d\u2019Espagne, disput\u00e9 sur de Circuito de Jerez, apr\u00e8s avoir g\u00ean\u00e9 \u00c1lex M\u00e1rquez lors de la s\u00e9ance d\u2019essais.<\/strong><\/p>\n<p>Les commissaires de la F\u00e9d\u00e9ration internationale de motocyclisme ont estim\u00e9 que l\u2019Espagnol roulait lentement sur la trajectoire id\u00e9ale \u00e0 deux minutes de la fin de la s\u00e9ance, perturbant M\u00e1rquez dans les virages 3 et 4. Une d\u00e9cision qui complique d\u00e9j\u00e0 la t\u00e2che du champion du monde 2024, engag\u00e9 dans la lutte pour le championnat. Actuellement \u00e0 seulement quatre points du leader Marco Bezzecchi au classement g\u00e9n\u00e9ral, Mart\u00edn a tout de m\u00eame r\u00e9alis\u00e9 le 7e chorno lors de la Q2, \u00e0 4 dixi\u00e8mes de son \u00e9quipier, qui lui partira depuis la 4e place. Malgr\u00e9 cette sanction et une chute enregistr\u00e9e plus t\u00f4t lors des FP1, Mart\u00edn reste confiant. \u00abL\u2019\u00e9quipe a fait du bon travail et nous avons atteint notre objectif. Les sensations sont positives, mais j\u2019ai encore des difficult\u00e9s avec le pneu tendre. Nous devons progresser sur ce point, car cela sera d\u00e9cisif\u00bb, a-t-il expliqu\u00e9.<\/p>\n<p style=\"text-align: right\">\n<strong>Amayas LAAZIB<\/strong><\/p>\n","protected":false},"excerpt":{"rendered":"<p>Le week-end espagnol d\u00e9bute sous tension pour Jorge Mart\u00edn. Le pilote de Aprilia Racing a \u00e9cop\u00e9 d\u2019une p\u00e9nalit\u00e9 de trois places sur la grille de d\u00e9part du Grand Prix d\u2019Espagne, disput\u00e9 sur de Circuito de Jerez, apr\u00e8s avoir g\u00ean\u00e9 \u00c1lex M\u00e1rquez lors de la s\u00e9ance d\u2019essais. Les commissaires de la F\u00e9d\u00e9ration internationale de motocyclisme ont &hellip;<\/p>\n","protected":false},"author":3,"featured_media":151254,"comment_status":"closed","ping_status":"closed","sticky":false,"template":"","format":"standard","meta":{"footnotes":""},"categories":[157],"tags":[],"class_list":["post-151201","post","type-post","status-publish","format-standard","has-post-thumbnail","hentry","category-motosports"],"_links":{"self":[{"href":"https:\/\/planetesport.dz\/index.php?rest_route=\/wp\/v2\/posts\/151201","targetHints":{"allow":["GET"]}}],"collection":[{"href":"https:\/\/planetesport.dz\/index.php?rest_route=\/wp\/v2\/posts"}],"about":[{"href":"https:\/\/planetesport.dz\/index.php?rest_route=\/wp\/v2\/types\/post"}],"author":[{"embeddable":true,"href":"https:\/\/planetesport.dz\/index.php?rest_route=\/wp\/v2\/users\/3"}],"replies":[{"embeddable":true,"href":"https:\/\/planetesport.dz\/index.php?rest_route=%2Fwp%2Fv2%2Fcomments&post=151201"}],"version-history":[{"count":1,"href":"https:\/\/planetesport.dz\/index.php?rest_route=\/wp\/v2\/posts\/151201\/revisions"}],"predecessor-version":[{"id":151289,"href":"https:\/\/planetesport.dz\/index.php?rest_route=\/wp\/v2\/posts\/151201\/revisions\/151289"}],"wp:featuredmedia":[{"embeddable":true,"href":"https:\/\/planetesport.dz\/index.php?rest_route=\/wp\/v2\/media\/151254"}],"wp:attachment":[{"href":"https:\/\/planetesport.dz\/index.php?rest_route=%2Fwp%2Fv2%2Fmedia&parent=151201"}],"wp:term":[{"taxonomy":"category","embeddable":true,"href":"https:\/\/planetesport.dz\/index.php?rest_route=%2Fwp%2Fv2%2Fcategories&post=151201"},{"taxonomy":"post_tag","embeddable":true,"href":"https:\/\/planetesport.dz\/index.php?rest_route=%2Fwp%2Fv2%2Ftags&post=151201"}],"curies":[{"name":"wp","href":"https:\/\/api.w.org\/{rel}","templated":true}]}}