{"id":145552,"date":"2026-03-16T04:43:32","date_gmt":"2026-03-16T04:43:32","guid":{"rendered":"https:\/\/planetesport.dz\/?p=145552"},"modified":"2026-03-16T04:43:32","modified_gmt":"2026-03-16T04:43:32","slug":"la-finalissima-espagne-argentine-annulee","status":"publish","type":"post","link":"https:\/\/planetesport.dz\/?p=145552","title":{"rendered":"La Finalissima Espagne &#8211; Argentine annul\u00e9e"},"content":{"rendered":"<p>Tant attendu par beaucoup de fans de football, le duel opposant Lamine Yamal \u00e0 Lionel Messi n\u2019aura finalement pas lieu. Ce dimanche, l\u2019UEFA a annonc\u00e9 l\u2019annulation de la Finalissima entre l\u2019Espagne, championne d\u2019Europe, et l\u2019Argentine, championne d\u2019Am\u00e9rique du Sud. Initialement pr\u00e9vue le 27 mars au Lusail Stadium (Qatar), la rencontre avait finalement d\u00fb \u00eatre d\u00e9localis\u00e9e en raison du contexte g\u00e9opolitique au Moyen-Orient, qui complique l\u2019organisation d\u2019\u00e9v\u00e9nements sportifs dans le secteur (la FIA a \u00e9galement annul\u00e9 les Grands Prix de Formule 1 de Bahre\u00efn et d\u2019Arabie saoudite). Si on a un temps cru que le match se jouerait \u00e0 Madrid, cette proposition n\u2019a logiquement pas satisfait les int\u00e9r\u00eats de l\u2019Argentine, qui r\u00e9clamait un match sur terrain neutre. D\u2019autres options avaient \u00e9t\u00e9 \u00e9tudi\u00e9es, mais l\u2019UEFA a r\u00e9v\u00e9l\u00e9 qu\u2019aucune ne convenait \u00e0 l\u2019AFA (Association du Football Argentin). L\u2019UEFA a explor\u00e9 d\u2019autres solutions possibles, mais chacune s\u2019est finalement r\u00e9v\u00e9l\u00e9e inacceptable pour la F\u00e9d\u00e9ration argentine de football. La premi\u00e8re option consistait \u00e0 organiser le match au stade Santiago Bernab\u00e9u de Madrid \u00e0 la date initialement pr\u00e9vue, avec une r\u00e9partition \u00e9gale des supporters entre le stade et les stades publics. Cela aurait offert un cadre exceptionnel, \u00e0 la hauteur d\u2019un \u00e9v\u00e9nement aussi prestigieux, mais l\u2019Argentine a refus\u00e9. La seconde option consistait \u00e0 organiser la Finalissima en deux matchs : l\u2019un au Santiago Bernab\u00e9u le 27 mars et l\u2019autre \u00e0 Buenos Aires lors d\u2019une fen\u00eatre internationale pr\u00e9c\u00e9dant l\u2019UEFA EURO et la Copa America 2028, avec une r\u00e9partition \u00e9gale des supporters (50\/50) pour le match \u00e0 Madrid. Cette option a \u00e9galement \u00e9t\u00e9 rejet\u00e9e. L\u2019Argentine a propos\u00e9 de jouer le match apr\u00e8s la Coupe du monde, mais, l\u2019Espagne n\u2019ayant aucune date disponible, cette option a d\u00fb \u00eatre \u00e9cart\u00e9e. Finalement, et contrairement au plan initial pr\u00e9voyant la rencontre le 27 mars, l\u2019Argentine a d\u00e9clar\u00e9 \u00eatre disponible uniquement le 31 mars, date qui s\u2019est av\u00e9r\u00e9e impossible \u00e0 mettre en \u0153uvre. En cons\u00e9quence, et au grand regret de l\u2019UEFA, cette \u00e9dition de la Finalissima a \u00e9t\u00e9 annul\u00e9e. Peut-on lire sur le site footmercato.net.<\/p>\n","protected":false},"excerpt":{"rendered":"<p>Tant attendu par beaucoup de fans de football, le duel opposant Lamine Yamal \u00e0 Lionel Messi n\u2019aura finalement pas lieu. Ce dimanche, l\u2019UEFA a annonc\u00e9 l\u2019annulation de la Finalissima entre l\u2019Espagne, championne d\u2019Europe, et l\u2019Argentine, championne d\u2019Am\u00e9rique du Sud. Initialement pr\u00e9vue le 27 mars au Lusail Stadium (Qatar), la rencontre avait finalement d\u00fb \u00eatre d\u00e9localis\u00e9e &hellip;<\/p>\n","protected":false},"author":3,"featured_media":145598,"comment_status":"closed","ping_status":"closed","sticky":false,"template":"","format":"standard","meta":{"footnotes":""},"categories":[128],"tags":[],"class_list":["post-145552","post","type-post","status-publish","format-standard","has-post-thumbnail","hentry","category-football-etranger"],"_links":{"self":[{"href":"https:\/\/planetesport.dz\/index.php?rest_route=\/wp\/v2\/posts\/145552","targetHints":{"allow":["GET"]}}],"collection":[{"href":"https:\/\/planetesport.dz\/index.php?rest_route=\/wp\/v2\/posts"}],"about":[{"href":"https:\/\/planetesport.dz\/index.php?rest_route=\/wp\/v2\/types\/post"}],"author":[{"embeddable":true,"href":"https:\/\/planetesport.dz\/index.php?rest_route=\/wp\/v2\/users\/3"}],"replies":[{"embeddable":true,"href":"https:\/\/planetesport.dz\/index.php?rest_route=%2Fwp%2Fv2%2Fcomments&post=145552"}],"version-history":[{"count":1,"href":"https:\/\/planetesport.dz\/index.php?rest_route=\/wp\/v2\/posts\/145552\/revisions"}],"predecessor-version":[{"id":145652,"href":"https:\/\/planetesport.dz\/index.php?rest_route=\/wp\/v2\/posts\/145552\/revisions\/145652"}],"wp:featuredmedia":[{"embeddable":true,"href":"https:\/\/planetesport.dz\/index.php?rest_route=\/wp\/v2\/media\/145598"}],"wp:attachment":[{"href":"https:\/\/planetesport.dz\/index.php?rest_route=%2Fwp%2Fv2%2Fmedia&parent=145552"}],"wp:term":[{"taxonomy":"category","embeddable":true,"href":"https:\/\/planetesport.dz\/index.php?rest_route=%2Fwp%2Fv2%2Fcategories&post=145552"},{"taxonomy":"post_tag","embeddable":true,"href":"https:\/\/planetesport.dz\/index.php?rest_route=%2Fwp%2Fv2%2Ftags&post=145552"}],"curies":[{"name":"wp","href":"https:\/\/api.w.org\/{rel}","templated":true}]}}