{"id":145551,"date":"2026-03-16T04:43:32","date_gmt":"2026-03-16T04:43:32","guid":{"rendered":"https:\/\/planetesport.dz\/?p=145551"},"modified":"2026-03-16T04:43:32","modified_gmt":"2026-03-16T04:43:32","slug":"juve-thuram-vinicius-et-le-racisme","status":"publish","type":"post","link":"https:\/\/planetesport.dz\/?p=145551","title":{"rendered":"Juve Thuram, Vinicius et le racisme"},"content":{"rendered":"<p>Comme son p\u00e8re Lilian, Kh\u00e9phren Thuram (24 ans, 36 matchs et 3 buts toutes comp\u00e9titions cette saison) n&rsquo;h\u00e9site pas \u00e0 prendre la parole sur des sujets forts comme le racisme dans le football. Lors d&rsquo;une interview accord\u00e9e \u00e0 Canal+, le milieu de terrain de la Juventus est notamment revenu sur la triste sc\u00e8ne entre Vinicius Jr et Gianluca Prestianni dans un match de Ligue des Champions entre le Real Madrid et Benfica. \u00ab\u00a0C\u2019est difficile en tant que jeune gar\u00e7on noir quand, en 2026, on peut encore \u00eatre attaqu\u00e9 pour sa couleur de peau. Vinicius Jr, il a \u00e9t\u00e9 attaqu\u00e9, et c\u2019est comme si on m\u2019attaquait moi. Parce que je me dis que \u00e7a aurait pu \u00eatre moi. Tout \u00e7a parce que je suis noir ? Je n\u2019ai pas la r\u00e9ponse pour arr\u00eater \u00e7a dans les stades. Quitter la pelouse ? \u00c7a pourrait mais, moi, j\u2019ai envie de jouer au foot. Je suis joueur de foot, je fais mon m\u00e9tier, je l\u2019aime. Il faudrait plut\u00f4t avoir des sanctions pour ceux qui ont ce comportement. Pourquoi ce serait \u00e0 moi de sortir ? C\u2019est \u00e0 lui de sortir ! Il faut arr\u00eater les b\u00eatises, il faut \u00eatre s\u00e9rieux, il faut p\u00e9naliser\u00a0\u00bb, a d\u00e9clar\u00e9 l&rsquo;ancien Ni\u00e7ois. Rapporte le site maxifoot.fr.<\/p>\n","protected":false},"excerpt":{"rendered":"<p>Comme son p\u00e8re Lilian, Kh\u00e9phren Thuram (24 ans, 36 matchs et 3 buts toutes comp\u00e9titions cette saison) n&rsquo;h\u00e9site pas \u00e0 prendre la parole sur des sujets forts comme le racisme dans le football. Lors d&rsquo;une interview accord\u00e9e \u00e0 Canal+, le milieu de terrain de la Juventus est notamment revenu sur la triste sc\u00e8ne entre Vinicius &hellip;<\/p>\n","protected":false},"author":3,"featured_media":145596,"comment_status":"closed","ping_status":"closed","sticky":false,"template":"","format":"standard","meta":{"footnotes":""},"categories":[128],"tags":[],"class_list":["post-145551","post","type-post","status-publish","format-standard","has-post-thumbnail","hentry","category-football-etranger"],"_links":{"self":[{"href":"https:\/\/planetesport.dz\/index.php?rest_route=\/wp\/v2\/posts\/145551","targetHints":{"allow":["GET"]}}],"collection":[{"href":"https:\/\/planetesport.dz\/index.php?rest_route=\/wp\/v2\/posts"}],"about":[{"href":"https:\/\/planetesport.dz\/index.php?rest_route=\/wp\/v2\/types\/post"}],"author":[{"embeddable":true,"href":"https:\/\/planetesport.dz\/index.php?rest_route=\/wp\/v2\/users\/3"}],"replies":[{"embeddable":true,"href":"https:\/\/planetesport.dz\/index.php?rest_route=%2Fwp%2Fv2%2Fcomments&post=145551"}],"version-history":[{"count":1,"href":"https:\/\/planetesport.dz\/index.php?rest_route=\/wp\/v2\/posts\/145551\/revisions"}],"predecessor-version":[{"id":145651,"href":"https:\/\/planetesport.dz\/index.php?rest_route=\/wp\/v2\/posts\/145551\/revisions\/145651"}],"wp:featuredmedia":[{"embeddable":true,"href":"https:\/\/planetesport.dz\/index.php?rest_route=\/wp\/v2\/media\/145596"}],"wp:attachment":[{"href":"https:\/\/planetesport.dz\/index.php?rest_route=%2Fwp%2Fv2%2Fmedia&parent=145551"}],"wp:term":[{"taxonomy":"category","embeddable":true,"href":"https:\/\/planetesport.dz\/index.php?rest_route=%2Fwp%2Fv2%2Fcategories&post=145551"},{"taxonomy":"post_tag","embeddable":true,"href":"https:\/\/planetesport.dz\/index.php?rest_route=%2Fwp%2Fv2%2Ftags&post=145551"}],"curies":[{"name":"wp","href":"https:\/\/api.w.org\/{rel}","templated":true}]}}