{"id":145550,"date":"2026-03-16T04:43:30","date_gmt":"2026-03-16T04:43:30","guid":{"rendered":"https:\/\/planetesport.dz\/?p=145550"},"modified":"2026-03-16T04:43:30","modified_gmt":"2026-03-16T04:43:30","slug":"le-real-madrid-prend-contact-avec-joao-neves","status":"publish","type":"post","link":"https:\/\/planetesport.dz\/?p=145550","title":{"rendered":"Le Real Madrid prend contact avec Jo\u00e3o Neves"},"content":{"rendered":"<p>Le PSG sait que l\u2019\u00e9t\u00e9 prochain sera chaud sur le march\u00e9 des transferts. Jo\u00e3o Neves attire d\u00e9j\u00e0 les convoitises, et le Real Madrid figure en premi\u00e8re ligne. Selon Fichajes, le milieu portugais de 21 ans est devenu la nouvelle priorit\u00e9 des Merengue. L\u2019id\u00e9e de recruter Vitinha a \u00e9t\u00e9 abandonn\u00e9e, mais le club espagnol veut un talent du PSG. Toujours sous contrat jusqu\u2019en juin 2029, Jo\u00e3o Neves est consid\u00e9r\u00e9 comme intransf\u00e9rable par Paris et constitue un pilier du dispositif de Luis Enrique. D\u2019apr\u00e8s le m\u00e9dia, \u00ab le Real Madrid entend utiliser son poids pour convaincre le Lusitanien de rejoindre la Casa Blanca \u00bb, tandis que le joueur s\u2019\u00e9panouit pleinement dans la capitale fran\u00e7aise. Le PSG se pr\u00e9pare donc \u00e0 une bataille sur ce dossier, estim\u00e9 \u00e0 plus de 110 millions d\u2019euros. M\u00eame si le transfert ne se concr\u00e9tise pas cet \u00e9t\u00e9, Jo\u00e3o Neves restera une cible prioritaire pour Madrid dans les prochaines ann\u00e9es. Le club parisien devra se montrer vigilant face \u00e0 cette menace europ\u00e9enne, tout en s\u00e9curisant son jeune talent. Peut-on lire sur le site Sport.fr.<\/p>\n","protected":false},"excerpt":{"rendered":"<p>Le PSG sait que l\u2019\u00e9t\u00e9 prochain sera chaud sur le march\u00e9 des transferts. Jo\u00e3o Neves attire d\u00e9j\u00e0 les convoitises, et le Real Madrid figure en premi\u00e8re ligne. Selon Fichajes, le milieu portugais de 21 ans est devenu la nouvelle priorit\u00e9 des Merengue. L\u2019id\u00e9e de recruter Vitinha a \u00e9t\u00e9 abandonn\u00e9e, mais le club espagnol veut un &hellip;<\/p>\n","protected":false},"author":3,"featured_media":145597,"comment_status":"closed","ping_status":"closed","sticky":false,"template":"","format":"standard","meta":{"footnotes":""},"categories":[128],"tags":[],"class_list":["post-145550","post","type-post","status-publish","format-standard","has-post-thumbnail","hentry","category-football-etranger"],"_links":{"self":[{"href":"https:\/\/planetesport.dz\/index.php?rest_route=\/wp\/v2\/posts\/145550","targetHints":{"allow":["GET"]}}],"collection":[{"href":"https:\/\/planetesport.dz\/index.php?rest_route=\/wp\/v2\/posts"}],"about":[{"href":"https:\/\/planetesport.dz\/index.php?rest_route=\/wp\/v2\/types\/post"}],"author":[{"embeddable":true,"href":"https:\/\/planetesport.dz\/index.php?rest_route=\/wp\/v2\/users\/3"}],"replies":[{"embeddable":true,"href":"https:\/\/planetesport.dz\/index.php?rest_route=%2Fwp%2Fv2%2Fcomments&post=145550"}],"version-history":[{"count":1,"href":"https:\/\/planetesport.dz\/index.php?rest_route=\/wp\/v2\/posts\/145550\/revisions"}],"predecessor-version":[{"id":145650,"href":"https:\/\/planetesport.dz\/index.php?rest_route=\/wp\/v2\/posts\/145550\/revisions\/145650"}],"wp:featuredmedia":[{"embeddable":true,"href":"https:\/\/planetesport.dz\/index.php?rest_route=\/wp\/v2\/media\/145597"}],"wp:attachment":[{"href":"https:\/\/planetesport.dz\/index.php?rest_route=%2Fwp%2Fv2%2Fmedia&parent=145550"}],"wp:term":[{"taxonomy":"category","embeddable":true,"href":"https:\/\/planetesport.dz\/index.php?rest_route=%2Fwp%2Fv2%2Fcategories&post=145550"},{"taxonomy":"post_tag","embeddable":true,"href":"https:\/\/planetesport.dz\/index.php?rest_route=%2Fwp%2Fv2%2Ftags&post=145550"}],"curies":[{"name":"wp","href":"https:\/\/api.w.org\/{rel}","templated":true}]}}