{"id":145517,"date":"2026-03-16T04:33:58","date_gmt":"2026-03-16T04:33:58","guid":{"rendered":"https:\/\/planetesport.dz\/?p=145517"},"modified":"2026-03-16T04:33:58","modified_gmt":"2026-03-16T04:33:58","slug":"bahrein-et-larabie-saoudite-nauront-pas-lieu-en-avril","status":"publish","type":"post","link":"https:\/\/planetesport.dz\/?p=145517","title":{"rendered":"Bahre\u00efn et l\u2019Arabie saoudite n\u2019auront pas lieu en avril"},"content":{"rendered":"<p>La Formule 1 ne se rendra pas au Moyen-Orient au mois d\u2019avril. En raison de l\u2019escalade militaire dans la r\u00e9gion, les Grands Prix de Bahre\u00efn et d\u2019Arabie saoudite, initialement programm\u00e9s les 12 et 19 avril, ne se tiendront pas aux dates pr\u00e9vues. Les organisateurs esp\u00e8rent toutefois pouvoir reprogrammer ces deux manches plus tard dans la saison. Apr\u00e8s le week-end de course au Suzuka Circuit fin mars, le championnat observera donc une pause inhabituelle de quatre semaines avant de reprendre d\u00e9but mai \u00e0 Miami. Le pr\u00e9sident de la Formule 1, Stefano Domenicali, a reconnu une d\u00e9cision \u00ab difficile mais n\u00e9cessaire \u00bb, prise au regard de la situation s\u00e9curitaire actuelle. Il a remerci\u00e9 la F\u00e9d\u00e9ration internationale de l\u2019Automobile et les promoteurs locaux pour leur compr\u00e9hension, tout en exprimant l\u2019espoir d\u2019un retour rapide dans ces pays. De son c\u00f4t\u00e9, le pr\u00e9sident de la FIA, Mohammed Ben Sulayem, a rappel\u00e9 que la s\u00e9curit\u00e9 des \u00e9quipes et du personnel demeure la priorit\u00e9 absolue. Si l\u2019objectif reste de maintenir un calendrier de 24 courses en 2026, l\u2019\u00e9volution du conflit pourrait \u00e9galement menacer d\u2019autres \u00e9preuves pr\u00e9vues dans la r\u00e9gion en fin de saison.<\/p>\n<p style=\"text-align: right\"><strong>Amayas LAAZIB<\/strong><\/p>\n","protected":false},"excerpt":{"rendered":"<p>La Formule 1 ne se rendra pas au Moyen-Orient au mois d\u2019avril. En raison de l\u2019escalade militaire dans la r\u00e9gion, les Grands Prix de Bahre\u00efn et d\u2019Arabie saoudite, initialement programm\u00e9s les 12 et 19 avril, ne se tiendront pas aux dates pr\u00e9vues. Les organisateurs esp\u00e8rent toutefois pouvoir reprogrammer ces deux manches plus tard dans la &hellip;<\/p>\n","protected":false},"author":3,"featured_media":145572,"comment_status":"closed","ping_status":"closed","sticky":false,"template":"","format":"standard","meta":{"footnotes":""},"categories":[157],"tags":[],"class_list":["post-145517","post","type-post","status-publish","format-standard","has-post-thumbnail","hentry","category-motosports"],"_links":{"self":[{"href":"https:\/\/planetesport.dz\/index.php?rest_route=\/wp\/v2\/posts\/145517","targetHints":{"allow":["GET"]}}],"collection":[{"href":"https:\/\/planetesport.dz\/index.php?rest_route=\/wp\/v2\/posts"}],"about":[{"href":"https:\/\/planetesport.dz\/index.php?rest_route=\/wp\/v2\/types\/post"}],"author":[{"embeddable":true,"href":"https:\/\/planetesport.dz\/index.php?rest_route=\/wp\/v2\/users\/3"}],"replies":[{"embeddable":true,"href":"https:\/\/planetesport.dz\/index.php?rest_route=%2Fwp%2Fv2%2Fcomments&post=145517"}],"version-history":[{"count":1,"href":"https:\/\/planetesport.dz\/index.php?rest_route=\/wp\/v2\/posts\/145517\/revisions"}],"predecessor-version":[{"id":145619,"href":"https:\/\/planetesport.dz\/index.php?rest_route=\/wp\/v2\/posts\/145517\/revisions\/145619"}],"wp:featuredmedia":[{"embeddable":true,"href":"https:\/\/planetesport.dz\/index.php?rest_route=\/wp\/v2\/media\/145572"}],"wp:attachment":[{"href":"https:\/\/planetesport.dz\/index.php?rest_route=%2Fwp%2Fv2%2Fmedia&parent=145517"}],"wp:term":[{"taxonomy":"category","embeddable":true,"href":"https:\/\/planetesport.dz\/index.php?rest_route=%2Fwp%2Fv2%2Fcategories&post=145517"},{"taxonomy":"post_tag","embeddable":true,"href":"https:\/\/planetesport.dz\/index.php?rest_route=%2Fwp%2Fv2%2Ftags&post=145517"}],"curies":[{"name":"wp","href":"https:\/\/api.w.org\/{rel}","templated":true}]}}