{"id":145515,"date":"2026-03-16T04:33:56","date_gmt":"2026-03-16T04:33:56","guid":{"rendered":"https:\/\/planetesport.dz\/?p=145515"},"modified":"2026-03-16T04:33:56","modified_gmt":"2026-03-16T04:33:56","slug":"le-grand-prix-du-qatar-reporte-au-8-novembre","status":"publish","type":"post","link":"https:\/\/planetesport.dz\/?p=145515","title":{"rendered":"Le Grand Prix du Qatar report\u00e9 au 8 novembre"},"content":{"rendered":"<p>\u00c0 l\u2019image de la Formule 1, la MotoGP revoit \u00e9galement son calendrier en raison des tensions g\u00e9opolitiques au Moyen-Orient. Initialement pr\u00e9vu le 12 avril sur le circuit de Losail International Circuit, le Grand Prix du Qatar a \u00e9t\u00e9 officiellement report\u00e9 au 8 novembre. L\u2019\u00e9preuve se tiendra d\u00e9sormais en cl\u00f4ture d\u2019une s\u00e9quence de trois courses cons\u00e9cutives comprenant aussi les manches d\u2019Australie et de Malaisie.<br \/>\nCe changement entra\u00eene un d\u00e9calage des deux derniers rendez-vous de la saison. Le Grand Prix du Portugal \u00e0 Aut\u00f3dromo Internacional do Algarve est d\u00e9sormais programm\u00e9 le 22 novembre, tandis que la finale du championnat \u00e0 Circuit Ricardo Tormo se disputera le 29 novembre.<\/p>\n<p>Le patron du MotoGP, Carmelo Ezpeleta, a soulign\u00e9 que cette d\u00e9cision a \u00e9t\u00e9 prise en concertation avec les partenaires et les acteurs du paddock, la priorit\u00e9 restant la s\u00e9curit\u00e9 de tous. Une position partag\u00e9e par Jorge Viegas, pr\u00e9sident de la F\u00e9d\u00e9ration internationale de Motocyclisme, qui insiste sur la n\u00e9cessit\u00e9 de garantir les meilleures conditions pour les pilotes, les \u00e9quipes et les spectateurs.<\/p>\n<p style=\"text-align: right\"><strong>Amayas LAAZIB<\/strong><\/p>\n","protected":false},"excerpt":{"rendered":"<p>\u00c0 l\u2019image de la Formule 1, la MotoGP revoit \u00e9galement son calendrier en raison des tensions g\u00e9opolitiques au Moyen-Orient. Initialement pr\u00e9vu le 12 avril sur le circuit de Losail International Circuit, le Grand Prix du Qatar a \u00e9t\u00e9 officiellement report\u00e9 au 8 novembre. L\u2019\u00e9preuve se tiendra d\u00e9sormais en cl\u00f4ture d\u2019une s\u00e9quence de trois courses cons\u00e9cutives &hellip;<\/p>\n","protected":false},"author":3,"featured_media":145571,"comment_status":"closed","ping_status":"closed","sticky":false,"template":"","format":"standard","meta":{"footnotes":""},"categories":[157],"tags":[],"class_list":["post-145515","post","type-post","status-publish","format-standard","has-post-thumbnail","hentry","category-motosports"],"_links":{"self":[{"href":"https:\/\/planetesport.dz\/index.php?rest_route=\/wp\/v2\/posts\/145515","targetHints":{"allow":["GET"]}}],"collection":[{"href":"https:\/\/planetesport.dz\/index.php?rest_route=\/wp\/v2\/posts"}],"about":[{"href":"https:\/\/planetesport.dz\/index.php?rest_route=\/wp\/v2\/types\/post"}],"author":[{"embeddable":true,"href":"https:\/\/planetesport.dz\/index.php?rest_route=\/wp\/v2\/users\/3"}],"replies":[{"embeddable":true,"href":"https:\/\/planetesport.dz\/index.php?rest_route=%2Fwp%2Fv2%2Fcomments&post=145515"}],"version-history":[{"count":1,"href":"https:\/\/planetesport.dz\/index.php?rest_route=\/wp\/v2\/posts\/145515\/revisions"}],"predecessor-version":[{"id":145617,"href":"https:\/\/planetesport.dz\/index.php?rest_route=\/wp\/v2\/posts\/145515\/revisions\/145617"}],"wp:featuredmedia":[{"embeddable":true,"href":"https:\/\/planetesport.dz\/index.php?rest_route=\/wp\/v2\/media\/145571"}],"wp:attachment":[{"href":"https:\/\/planetesport.dz\/index.php?rest_route=%2Fwp%2Fv2%2Fmedia&parent=145515"}],"wp:term":[{"taxonomy":"category","embeddable":true,"href":"https:\/\/planetesport.dz\/index.php?rest_route=%2Fwp%2Fv2%2Fcategories&post=145515"},{"taxonomy":"post_tag","embeddable":true,"href":"https:\/\/planetesport.dz\/index.php?rest_route=%2Fwp%2Fv2%2Ftags&post=145515"}],"curies":[{"name":"wp","href":"https:\/\/api.w.org\/{rel}","templated":true}]}}